{"id":133371,"date":"2019-02-07T17:07:53","date_gmt":"2019-02-07T19:07:53","guid":{"rendered":"https:\/\/diarioregionaldigital.com.br\/?p=133371"},"modified":"2019-02-07T17:07:53","modified_gmt":"2019-02-07T19:07:53","slug":"juristas-apresentam-propostas-para-modernizar-lei-sobre-drogas","status":"publish","type":"post","link":"https:\/\/diarioregionaldigital.com.br\/?p=133371","title":{"rendered":"Juristas apresentam propostas para modernizar lei sobre drogas"},"content":{"rendered":"<p>A comiss\u00e3o de juristas criada para modernizar a Lei 11.343\/2006, que estabelece o\u00a0o Sistema Nacional de Pol\u00edticas P\u00fablicas sobre Drogas,\u00a0entregou nesta quinta-feira, 7, ao presidente da C\u00e2mara, deputado Rodrigo Maia (DEM-RJ), o relat\u00f3rio final com propostas\u00a0para atualizar a legisla\u00e7\u00e3o.<\/p>\n<p>Segundo o relator\u00a0da comiss\u00e3o,\u00a0desembargador\u00a0Ney Bello,\u00a0o\u00a0projeto\u00a0prev\u00ea a\u00a0descriminaliza\u00e7\u00e3o do uso de drogas para uso pessoal em at\u00e9 dez doses. \u201cNosso projeto n\u00e3o contempla a liberaliza\u00e7\u00e3o de drogas, apenas\u00a0a\u00a0descriminaliza, coloca a quest\u00e3o do uso pessoal no seu devido lugar, da liberdade pessoal\u00a0at\u00e9 dez doses,\u00a0ou seja, em\u00a0pequenas\u00a0quantidades, sem a legaliza\u00e7\u00e3o da venda, do com\u00e9rcio e da produ\u00e7\u00e3o\u201d,\u00a0disse,\u00a0ao sair\u00a0da resid\u00eancia oficial da Presid\u00eancia da C\u00e2mara.<\/p>\n<p>O jurista explicou\u00a0que cada tipo de entorpecente ter\u00e1\u00a0uma quantidade espec\u00edfica\u00a0do que \u00e9 considerado dose individual.\u00a0Ele acrescentou\u00a0que o colegiado estabeleceu\u00a0uma tabela baseada na compara\u00e7\u00e3o do que \u00e9 feito no mundo para que tenha vig\u00eancia at\u00e9 o momento em que a\u00a0Ag\u00eancia Nacional de Vigil\u00e2ncia Sanit\u00e1ria (Anvisa)\u00a0regulamente\u00a0qual \u00e9 a quantidade espec\u00edfica para cada droga.<\/p>\n<p>\u201cPor exemplo, maconha seria 1 grama cada dose, estando descriminalizado o porte e uso at\u00e9 10 gramas no projeto como norma de transi\u00e7\u00e3o at\u00e9 que a Anvisa assim disponha\u201d,\u00a0completou\u00a0o desembargador.<\/p>\n<h2>Puni\u00e7\u00f5es<\/h2>\n<p>Segundo o\u00a0presidente\u00a0da comiss\u00e3o, o ministro do Superior Tribunal de Justi\u00e7a, Marcelo Ribeiro Dantas,\u00a0o projeto prev\u00ea\u00a0puni\u00e7\u00f5es mais severas\u00a0ao tr\u00e1fico internacional e\u00a0ao financiamento ao tr\u00e1fico. \u201cO objetivo \u00e9 que a repress\u00e3o ao tr\u00e1fico aumente. N\u00f3s vamos tentar passar para uma repress\u00e3o inteligente ao tr\u00e1fico, principalmente, o grande tr\u00e1fico, para que essa repress\u00e3o deixe de se direcionar ao pequeno vendedor de drogas da esquina\u201d,\u00a0disse.<\/p>\n<p>Segundo Dantas, a ideia \u00e9 tentar direcionar a\u00a0a\u00e7\u00e3o de intelig\u00eancia da pol\u00edcia para fazer grandes apreens\u00f5es\u00a0de entorpecentes\u00a0e cortar os canais\u00a0de financiamento do tr\u00e1fico e das grandes organiza\u00e7\u00f5es criminosas por tr\u00e1s dele.<\/p>\n<p>De acordo com o desembargador, a expectativa \u00e9 que Rodrigo Maia\u00a0coloque a proposta em tramita\u00e7\u00e3o na C\u00e2mara para\u00a0que a moderniza\u00e7\u00e3o da lei atual seja discutida na Casa.<\/p>\n<p>&nbsp;<\/p>\n<p>Fonte: Ag\u00eancia Brasil<\/p>\n","protected":false},"excerpt":{"rendered":"<p>A comiss\u00e3o de juristas criada para modernizar a Lei 11.343\/2006, que estabelece o\u00a0o Sistema Nacional de Pol\u00edticas P\u00fablicas sobre Drogas,\u00a0entregou nesta quinta-feira, 7, ao presidente da C\u00e2mara, deputado Rodrigo Maia (DEM-RJ), o relat\u00f3rio final com propostas\u00a0para atualizar a legisla\u00e7\u00e3o. Segundo o relator\u00a0da comiss\u00e3o,\u00a0desembargador\u00a0Ney Bello,\u00a0o\u00a0projeto\u00a0prev\u00ea a\u00a0descriminaliza\u00e7\u00e3o do uso de drogas para uso pessoal em at\u00e9 dez [&hellip;]<\/p>\n","protected":false},"author":96,"featured_media":97709,"comment_status":"closed","ping_status":"closed","sticky":false,"template":"","format":"standard","meta":{"footnotes":""},"categories":[302,436,262,439],"tags":[],"class_list":["post-133371","post","type-post","status-publish","format-standard","has-post-thumbnail","hentry","category-brasil-mundo","category-destaque-da-semana","category-noticias","category-ultima-hora"],"_links":{"self":[{"href":"https:\/\/diarioregionaldigital.com.br\/index.php?rest_route=\/wp\/v2\/posts\/133371","targetHints":{"allow":["GET"]}}],"collection":[{"href":"https:\/\/diarioregionaldigital.com.br\/index.php?rest_route=\/wp\/v2\/posts"}],"about":[{"href":"https:\/\/diarioregionaldigital.com.br\/index.php?rest_route=\/wp\/v2\/types\/post"}],"author":[{"embeddable":true,"href":"https:\/\/diarioregionaldigital.com.br\/index.php?rest_route=\/wp\/v2\/users\/96"}],"replies":[{"embeddable":true,"href":"https:\/\/diarioregionaldigital.com.br\/index.php?rest_route=%2Fwp%2Fv2%2Fcomments&post=133371"}],"version-history":[{"count":0,"href":"https:\/\/diarioregionaldigital.com.br\/index.php?rest_route=\/wp\/v2\/posts\/133371\/revisions"}],"wp:featuredmedia":[{"embeddable":true,"href":"https:\/\/diarioregionaldigital.com.br\/index.php?rest_route=\/wp\/v2\/media\/97709"}],"wp:attachment":[{"href":"https:\/\/diarioregionaldigital.com.br\/index.php?rest_route=%2Fwp%2Fv2%2Fmedia&parent=133371"}],"wp:term":[{"taxonomy":"category","embeddable":true,"href":"https:\/\/diarioregionaldigital.com.br\/index.php?rest_route=%2Fwp%2Fv2%2Fcategories&post=133371"},{"taxonomy":"post_tag","embeddable":true,"href":"https:\/\/diarioregionaldigital.com.br\/index.php?rest_route=%2Fwp%2Fv2%2Ftags&post=133371"}],"curies":[{"name":"wp","href":"https:\/\/api.w.org\/{rel}","templated":true}]}}