{"id":133368,"date":"2019-02-07T17:04:22","date_gmt":"2019-02-07T19:04:22","guid":{"rendered":"https:\/\/diarioregionaldigital.com.br\/?p=133368"},"modified":"2019-02-07T17:04:22","modified_gmt":"2019-02-07T19:04:22","slug":"pedido-de-cpi-sobre-rompimento-de-barragem-e-protocolado-no-senado","status":"publish","type":"post","link":"https:\/\/diarioregionaldigital.com.br\/?p=133368","title":{"rendered":"Pedido de CPI sobre rompimento de barragem \u00e9 protocolado no Senado"},"content":{"rendered":"<p>O pedido de cria\u00e7\u00e3o da Comiss\u00e3o Parlamentar de Inqu\u00e9rito (CPI) para apurar as causas do rompimento da barragem em Brumadinho (MG) foi protocolado nesta quinta-feira, 7, na Mesa do Senado.<\/p>\n<p>O requerimento, entregue pelos senadores do PSD Otto Alencar (BA) e Carlos Viana (MG), tem 42\u00a0assinaturas, 15\u00a0a mais que o m\u00ednimo exigido. Segundo o senador Carlos Viana, inicialmente a comiss\u00e3o n\u00e3o tem car\u00e1ter punitivo, mas sim voltado para a proposi\u00e7\u00e3o de uma legisla\u00e7\u00e3o mais moderna.<\/p>\n<p>Viana, que pretende ser o relator da comiss\u00e3o, lembrou a cria\u00e7\u00e3o recente da Ag\u00eancia Nacional de Minera\u00e7\u00e3o. Segundo ele, o \u00f3rg\u00e3o n\u00e3o tem estrutura suficiente para fiscalizar a situa\u00e7\u00e3o das barragens de rejeitos. &#8220;Se tiv\u00e9ssemos modernizado a legisla\u00e7\u00e3o na hora certa , se tiv\u00e9ssemos permitido uma ag\u00eancia mais moderna, ter\u00edamos salvado a vida dessas pessoas\u201d, afirmou.<\/p>\n<p>O presidente do Senado, Davi Alcolumbre (DEM-AP) , um dos que assinaram o requerimento, adiantou que na pr\u00f3xima ter\u00e7a-feira, 12, o documento deve ser lido no plen\u00e1rio da Casa. A partir da\u00ed, os l\u00edderes podem indicar os nomes que v\u00e3o compor a comiss\u00e3o. Ser\u00e3o 11 titulares e sete suplentes. A CPI deve ter dura\u00e7\u00e3o de 180 dias e limite de despesas de R$ 110 mil.<\/p>\n<p>&nbsp;<\/p>\n<p>Fonte: Ag\u00eancia Brasil<\/p>\n","protected":false},"excerpt":{"rendered":"<p>O pedido de cria\u00e7\u00e3o da Comiss\u00e3o Parlamentar de Inqu\u00e9rito (CPI) para apurar as causas do rompimento da barragem em Brumadinho (MG) foi protocolado nesta quinta-feira, 7, na Mesa do Senado. O requerimento, entregue pelos senadores do PSD Otto Alencar (BA) e Carlos Viana (MG), tem 42\u00a0assinaturas, 15\u00a0a mais que o m\u00ednimo exigido. Segundo o senador [&hellip;]<\/p>\n","protected":false},"author":96,"featured_media":133369,"comment_status":"closed","ping_status":"closed","sticky":false,"template":"","format":"standard","meta":{"footnotes":""},"categories":[436,262,254,439],"tags":[],"class_list":["post-133368","post","type-post","status-publish","format-standard","has-post-thumbnail","hentry","category-destaque-da-semana","category-noticias","category-politica","category-ultima-hora"],"_links":{"self":[{"href":"https:\/\/diarioregionaldigital.com.br\/index.php?rest_route=\/wp\/v2\/posts\/133368","targetHints":{"allow":["GET"]}}],"collection":[{"href":"https:\/\/diarioregionaldigital.com.br\/index.php?rest_route=\/wp\/v2\/posts"}],"about":[{"href":"https:\/\/diarioregionaldigital.com.br\/index.php?rest_route=\/wp\/v2\/types\/post"}],"author":[{"embeddable":true,"href":"https:\/\/diarioregionaldigital.com.br\/index.php?rest_route=\/wp\/v2\/users\/96"}],"replies":[{"embeddable":true,"href":"https:\/\/diarioregionaldigital.com.br\/index.php?rest_route=%2Fwp%2Fv2%2Fcomments&post=133368"}],"version-history":[{"count":0,"href":"https:\/\/diarioregionaldigital.com.br\/index.php?rest_route=\/wp\/v2\/posts\/133368\/revisions"}],"wp:featuredmedia":[{"embeddable":true,"href":"https:\/\/diarioregionaldigital.com.br\/index.php?rest_route=\/wp\/v2\/media\/133369"}],"wp:attachment":[{"href":"https:\/\/diarioregionaldigital.com.br\/index.php?rest_route=%2Fwp%2Fv2%2Fmedia&parent=133368"}],"wp:term":[{"taxonomy":"category","embeddable":true,"href":"https:\/\/diarioregionaldigital.com.br\/index.php?rest_route=%2Fwp%2Fv2%2Fcategories&post=133368"},{"taxonomy":"post_tag","embeddable":true,"href":"https:\/\/diarioregionaldigital.com.br\/index.php?rest_route=%2Fwp%2Fv2%2Ftags&post=133368"}],"curies":[{"name":"wp","href":"https:\/\/api.w.org\/{rel}","templated":true}]}}