{"id":133365,"date":"2019-02-07T16:59:51","date_gmt":"2019-02-07T18:59:51","guid":{"rendered":"https:\/\/diarioregionaldigital.com.br\/?p=133365"},"modified":"2019-02-07T16:59:51","modified_gmt":"2019-02-07T18:59:51","slug":"sindicalistas-se-reunem-com-mourao-e-criticam-reforma-da-previdencia","status":"publish","type":"post","link":"https:\/\/diarioregionaldigital.com.br\/?p=133365","title":{"rendered":"Sindicalistas se re\u00fanem com Mour\u00e3o e criticam reforma da Previd\u00eancia"},"content":{"rendered":"<p>O presidente da Central \u00danica dos Trabalhadores (CUT), Vagner Freitas, disse que a entidade vai realizar uma assembleia nacional, no pr\u00f3ximo dia\u00a020 de fevereiro, para construir alternativas \u00e0 proposta de reforma da Previd\u00eancia do governo federal.<\/p>\n<p>Segundo Freitas, a CUT tamb\u00e9m vai atuar no Congresso visando mudar o texto a ser encaminhado para an\u00e1lise dos deputados e senadores. Ele esteve reunido na manh\u00e3 desta quinta-feira, 7, com o vice-presidente, Hamilton Mour\u00e3o, em Bras\u00edlia, para apresentar as preocupa\u00e7\u00f5es da classe, especialmente em rela\u00e7\u00e3o ao modelo de capitaliza\u00e7\u00e3o, que est\u00e1 sendo estudado pelo governo.<\/p>\n<p>\u201cEsse \u00e9 um desenho que conhecemos, favorece o capital financeiro nacional e internacional, tira direitos de trabalhadores, n\u00e3o garante a aposentadoria e, mais que isso, impede que voc\u00ea tenha benef\u00edcios e assist\u00eancia social\u201d, disse Freitas sobre o modelo de capitaliza\u00e7\u00e3o. \u201cDefendemos uma Previd\u00eancia p\u00fablica, social, para todos, e n\u00e3o uma poupan\u00e7a para alimentar os banqueiros\u201d, acrescentou.<\/p>\n<p>O modelo de capitaliza\u00e7\u00e3o da Previd\u00eancia \u00e9 uma esp\u00e9cie de poupan\u00e7a, em que o pr\u00f3prio trabalhador financia sua aposentadoria no futuro. No atual modelo, as contribui\u00e7\u00f5es dos trabalhadores ativos financiam as aposentadorias.<\/p>\n<h2>Novo projeto<\/h2>\n<p>Mais cedo,\u00a0hoje, ap\u00f3s reuni\u00e3o com investidores norte-americanos, em Bras\u00edlia, o ministro da Economia, Paulo Guedes, disse que o governo n\u00e3o deve utilizar o texto da reforma da Previd\u00eancia que tramita na C\u00e2mara dos Deputados, apresentado ainda no governo de Michel Temer.<\/p>\n<p>A nova proposta, mais complexa, inclui n\u00e3o apenas a reforma do atual sistema, mas a implanta\u00e7\u00e3o do novo sistema de capitaliza\u00e7\u00e3o. Com a apresenta\u00e7\u00e3o de um novo projeto, a reforma deve levar mais tempo para ser aprovada, previsto em cerca de quatro meses.<\/p>\n<p>O ministro tamb\u00e9m defendeu\u00a0uma nova modalidade de contrata\u00e7\u00e3o trabalhista, por meio da chamada carteira de trabalho verde e amarela, que seria a porta de entrada para o regime de capitaliza\u00e7\u00e3o previdenci\u00e1ria. Para o presidente da CUT, essa modalidade precariza as contrata\u00e7\u00f5es trabalhistas. \u201cUma coisa \u00e9 emprego, outra coisa \u00e9 bico, n\u00e3o vamos confundir as coisas\u201d, disse.<\/p>\n<h2>Gera\u00e7\u00e3o de empregos<\/h2>\n<p>A gera\u00e7\u00e3o de empregos tamb\u00e9m foi tema da reuni\u00e3o com o vice-presidente, Hamilton Mour\u00e3o. O presidente do Sindicato dos Metal\u00fargicos do ABC, Wagner Santana, disse que a pol\u00edtica industrial brasileira precisa ser fortalecida e gerar competitividade, para que as empresas garantam empregos de qualidade.<\/p>\n<p>\u201cTemos que\u00a0ter\u00a0uma ind\u00fastria que transforma, novas tecnologias, e para isso, precisa de incentivos, precisa de um BNDES fortalecido, precisa de um sistema de qualifica\u00e7\u00e3o dos trabalhadores\u201d, destacou.<\/p>\n<p>&nbsp;<\/p>\n<p>Fonte: Ag\u00eancia Brasil<\/p>\n","protected":false},"excerpt":{"rendered":"<p>O presidente da Central \u00danica dos Trabalhadores (CUT), Vagner Freitas, disse que a entidade vai realizar uma assembleia nacional, no pr\u00f3ximo dia\u00a020 de fevereiro, para construir alternativas \u00e0 proposta de reforma da Previd\u00eancia do governo federal. Segundo Freitas, a CUT tamb\u00e9m vai atuar no Congresso visando mudar o texto a ser encaminhado para an\u00e1lise dos [&hellip;]<\/p>\n","protected":false},"author":96,"featured_media":133366,"comment_status":"closed","ping_status":"closed","sticky":false,"template":"","format":"standard","meta":{"footnotes":""},"categories":[436,262,254,439],"tags":[],"class_list":["post-133365","post","type-post","status-publish","format-standard","has-post-thumbnail","hentry","category-destaque-da-semana","category-noticias","category-politica","category-ultima-hora"],"_links":{"self":[{"href":"https:\/\/diarioregionaldigital.com.br\/index.php?rest_route=\/wp\/v2\/posts\/133365","targetHints":{"allow":["GET"]}}],"collection":[{"href":"https:\/\/diarioregionaldigital.com.br\/index.php?rest_route=\/wp\/v2\/posts"}],"about":[{"href":"https:\/\/diarioregionaldigital.com.br\/index.php?rest_route=\/wp\/v2\/types\/post"}],"author":[{"embeddable":true,"href":"https:\/\/diarioregionaldigital.com.br\/index.php?rest_route=\/wp\/v2\/users\/96"}],"replies":[{"embeddable":true,"href":"https:\/\/diarioregionaldigital.com.br\/index.php?rest_route=%2Fwp%2Fv2%2Fcomments&post=133365"}],"version-history":[{"count":0,"href":"https:\/\/diarioregionaldigital.com.br\/index.php?rest_route=\/wp\/v2\/posts\/133365\/revisions"}],"wp:featuredmedia":[{"embeddable":true,"href":"https:\/\/diarioregionaldigital.com.br\/index.php?rest_route=\/wp\/v2\/media\/133366"}],"wp:attachment":[{"href":"https:\/\/diarioregionaldigital.com.br\/index.php?rest_route=%2Fwp%2Fv2%2Fmedia&parent=133365"}],"wp:term":[{"taxonomy":"category","embeddable":true,"href":"https:\/\/diarioregionaldigital.com.br\/index.php?rest_route=%2Fwp%2Fv2%2Fcategories&post=133365"},{"taxonomy":"post_tag","embeddable":true,"href":"https:\/\/diarioregionaldigital.com.br\/index.php?rest_route=%2Fwp%2Fv2%2Ftags&post=133365"}],"curies":[{"name":"wp","href":"https:\/\/api.w.org\/{rel}","templated":true}]}}