{"id":133364,"date":"2019-02-07T10:46:23","date_gmt":"2019-02-07T12:46:23","guid":{"rendered":"https:\/\/diarioregionaldigital.com.br\/?p=133364"},"modified":"2019-02-07T17:07:18","modified_gmt":"2019-02-07T19:07:18","slug":"programacao-do-carnaval-de-juiz-de-fora-tera-mais-de-50-eventos","status":"publish","type":"post","link":"https:\/\/diarioregionaldigital.com.br\/?p=133364","title":{"rendered":"Programa\u00e7\u00e3o do carnaval de Juiz de Fora ter\u00e1 mais de 50 eventos"},"content":{"rendered":"<p>No pr\u00f3ximo dia 16 de fevereiro o Carnaval 2019 de Juiz de Fora ter\u00e1 in\u00edcio oficialmente, sendo 16 dias de folia, at\u00e9 o dia 5 de mar\u00e7o. Como nos anos anteriores, a celebra\u00e7\u00e3o carnavalesca do munic\u00edpio ocorre antecipadamente, em rela\u00e7\u00e3o ao calend\u00e1rio nacional.<\/p>\n<p>Entre os blocos programados est\u00e3o Beco, Parangol\u00e9 Valvulado, Eu e Voc\u00ea, Batuquefolia, Ingoma, Realce, Batom, Xicleteiros e Pintinho de Ouro, al\u00e9m da Banda Daki e das Guerreiras de Clara, movimentando 20 bairros em todas as regi\u00f5es da cidade.<\/p>\n<p>O Cadastro Obrigat\u00f3rio de Eventos Carnavalescos recebeu 63 inscri\u00e7\u00f5es neste ano. Os pedidos foram analisados por uma comiss\u00e3o com representantes da Pol\u00edcia Militar, do Corpo de Bombeiros e da Prefeitura de Juiz de Fora: secretarias de Governo, Atividades Urbanas, Seguran\u00e7a Urbana e Cidadania, Transporte e Tr\u00e2nsito (Settra) e Funda\u00e7\u00e3o Cultural \u201cAlfredo Ferreira Lage\u201d (Funalfa). Quest\u00f5es de seguran\u00e7a p\u00fablica e coincid\u00eancia de datas, hor\u00e1rios e trajetos de desfile levaram ao indeferimento de 13 solicita\u00e7\u00f5es.<\/p>\n<p>O Departamento de Cultura da Funalfa, buscando viabilizar o maior n\u00famero poss\u00edvel de atividades carnavalescas, segue negociando com os blocos n\u00e3o aprovados a possibilidade de altera\u00e7\u00f5es nas propostas originais, como troca de local, dia e hor\u00e1rio de realiza\u00e7\u00e3o.<\/p>\n<p>Um esquema especial de seguran\u00e7a p\u00fablica ser\u00e1 organizado pela Pol\u00edcia Militar, que contar\u00e1 com o apoio da Guarda Municipal. O Corpo de Bombeiros vai se mobilizar para prestar os atendimentos necess\u00e1rios.<\/p>\n<p>\u201cQue os foli\u00f5es ocupem as ruas, as pra\u00e7as e outros espa\u00e7os da cidade para curtir a maior festa popular brasileira com responsabilidade, sem viol\u00eancia e sem ass\u00e9dio. Boas vibra\u00e7\u00f5es, gentileza, respeito \u00e0s minorias e muita anima\u00e7\u00e3o \u00e9 o que todos desejam encontrar\u201d, disse a diretora de Cultura da Funalfa, Giovana Bellini, afirmando que a expectativa \u00e9 de que a folia aconte\u00e7a em clima de paz e amor.<\/p>\n<p>CONFIRA A PROGRAMA\u00c7\u00c3O<\/p>\n<p><strong>16 de Fevereiro \u2013 S\u00e1bado<\/strong><br \/>\n12h | Esquenta Folia Jardim Norte | Shopping Jardim Norte<br \/>\n16h | Bailinho do Museu Ferrovi\u00e1rio<\/p>\n<p><strong>17 de Fevereiro \u2013 Domingo<\/strong><br \/>\n12h | Esquenta Folia Jardim Norte | Shopping Jardim Norte<br \/>\n13h | Bloco da Imprensa | Rua Esp\u00edrito Santo (Bar Caminho da Ro\u00e7a)<br \/>\n14h| Escola de Samba Vale do Paraibuna | Rua Domingos Dalamura |<br \/>\nSanto Ant\u00f4nio<br \/>\n15h | Bloco S\u00fabita|Parque Halfeld<br \/>\n15h | Bloco Arteria| Pra\u00e7a do Bom Pastor<br \/>\n15h | Batuquefolia | Pra\u00e7a Agassis | Mariano Proc\u00f3pio<br \/>\n16h | Makoombloco|Pra\u00e7a Ant\u00f4nio Carlos<\/p>\n<p><strong>18 de Fevereiro \u2013 2\u00aa feira<\/strong><br \/>\n10h | Unidos Pela Vida| Parque Halfeld<\/p>\n<p><strong>21 de Fevereiro \u2013 5\u00aa feira<\/strong><br \/>\n17h | Filhas da Luta! | Pra\u00e7a da Esta\u00e7\u00e3o<\/p>\n<p><strong>22 de Fevereiro \u2013 Sexta<\/strong><br \/>\n8h30 | Bloco da Professora Bela | Biblioteca Municipal Murilo Mendes<br \/>\n16h| Roda de Samba da C\u00e2mara| Em frente \u00e0 C\u00e2mara Municipal<br \/>\n16h| Dondocas da Vila| Rua Branca Mascarenhas | Monte Castelo<br \/>\n17h| Bloco da Benem\u00e9rita| Pra\u00e7a Ant\u00f4nio Carlos<\/p>\n<p><strong>23 de Fevereiro \u2013 S\u00e1bado <\/strong><br \/>\n13h| Dom\u00e9sticas de Luxo| Parque Halfeld<br \/>\n14h| Bloco dos Malas Veias| Rua Jos\u00e9 Nunes Leal (entre os n\u00bas 478 e 538)<br \/>\n| Santa Luzia<br \/>\n15h |Eu e Voc\u00ea | Rua Heitor Guimar\u00e3es| Vitorino Braga<br \/>\n15h | Bloco Garagem: Originais do Rock| Jolly Rogers &#8211; Av. Eug\u00eanio do<br \/>\nNascimento, 34 &#8211; Aeroporto $<br \/>\n14h | Escola de Samba Mirim Imp\u00e9rio da Torre | Grajau<br \/>\n15h | Bloco do Col\u00f4 | Rua Natalina Guerra, 325 | Tr\u00eas Moinhos<br \/>\n16h | Bloco da Plur | Pra\u00e7a do Bom Pastor | Bom Pastor<br \/>\n16h| Ingoma | Parque Halfeld<br \/>\n16h| Dondocas da Vila| Concentra\u00e7\u00e3o e desfile na Rua Branca<br \/>\nMascarenhas | Monte Castelo<br \/>\n16h| Balan\u00e7a, mas n\u00e3o cai| Pra\u00e7a S\u00e3o Francisco | Caet\u00e9<br \/>\n16h | Realce | Pra\u00e7a Agassis | Mariano Proc\u00f3pio<br \/>\n21h| Ros\u00e1rio Folia| Pra\u00e7a de Ros\u00e1rio de Minas<\/p>\n<p><strong>24 de Fevereiro \u2013 Domingo<\/strong><br \/>\n9h | Pagod\u00e3o da Inclus\u00e3o| Parque Halfeld<br \/>\n9h | Bloc\u00e3o | Estacionamento do Mc Donald\u2019s | Alto dos Passos<br \/>\n13h| Parangol\u00e9 Valvulado| Pra\u00e7a dos Tr\u00eas Poderes<br \/>\n15h | Me beija que sou universit\u00e1rio| Av. Pedro Henrique Krambeck, s\/n |<br \/>\nS\u00e3o Pedro<br \/>\n14h |Chora n\u00e3o beb\u00ea | Pra\u00e7a Nilo Souto Maior| Santo Ant\u00f4nio<br \/>\n14h| Bafo do Tigre| Rua Jos\u00e9 Nunes Leal| Santa Luzia<br \/>\n16h| Dondocas da Vila| Rua Branca Mascarenhas| Monte Castelo<br \/>\n16h| Ros\u00e1rio Folia| Pra\u00e7a de Ros\u00e1rio de Minas<br \/>\n16h| Balan\u00e7a, mas n\u00e3o cai| Pra\u00e7a S\u00e3o Francisco| Caet\u00e9<\/p>\n<p><strong>25 de Fevereiro \u2013 2\u00aa Feira <\/strong><br \/>\n14h| Loucomotiva | Parque Halfeld<br \/>\n18h30| T\u00f4 no Vermelho | Parque Halfeld<\/p>\n<p><strong>26 de Fevereiro \u2013 3\u00aa Feira<\/strong><br \/>\n18h | Bloco do Batom | Parque Halfeld<\/p>\n<p><strong>27 de Fevereiro \u2013 4\u00aa Feira<\/strong><br \/>\n14h30| Bloco do Gente | Parque Halfeld<br \/>\n18h| Bloco dos Servidores | Parque Halfeld<br \/>\n19h| Bloco dos Carteiros | Parque Halfeld<\/p>\n<p><strong>28 de Fevereiro \u2013 5\u00aa Feira<\/strong><br \/>\n19h| Pagod\u00e3o dos Clubes| Parque Halfeld<\/p>\n<p><strong>01 de Mar\u00e7o \u2013 6\u00aa Feira<\/strong><br \/>\n16h | Balan\u00e7a, mas n\u00e3o cai| Jardim Esperan\u00e7a<br \/>\n16h | Pintinho de Ouro| Parque Halfeld<br \/>\n18h30| Bloco do Beco| Parque Halfeld<\/p>\n<p><strong>02 de Mar\u00e7o \u2013 S\u00e1bado<\/strong><br \/>\n10h| Banda Daki| Avenida Rio Branco na altura do Largo do Riachuelo<br \/>\n13h | Bloco da Gabizoca | Pra\u00e7a CEU | Benfica<br \/>\n16h | Bloco do Imp\u00e9rio | Travessa Capit\u00e3o Ar\u00e3o | Monte Castelo<br \/>\n16h| Balan\u00e7a, mas n\u00e3o cai| Pra\u00e7a do bairro (Rua Padre Ac\u00e1cio Duarte) |<br \/>\nJardim Esperan\u00e7a<\/p>\n<p><strong>03 de Mar\u00e7o \u2013 Domingo<\/strong><br \/>\n16h | 10\u00ba Carnaval de Marchinhas| Pra\u00e7a Alfredo Lage | Manoel Hon\u00f3rio<br \/>\n13h | Ninho du Urubu| Rua Duarte de Abreu | Mariano Proc\u00f3pio<br \/>\n16h | Unidos do Floresta| Alameda mundo Novo | Floresta<\/p>\n<p><strong>04 de Mar\u00e7o \u2013 2\u00aa Feira<\/strong><br \/>\n16h | Vai quem quer| Parque Halfeld<br \/>\n16h | Xicleteiros| Rua Alberto Guedes| Jardim Esperan\u00e7a<\/p>\n<p><strong>05 de mar\u00e7o \u2013 Ter\u00e7a<\/strong><br \/>\n14h | Bloco Juntos e Misturados | Pra\u00e7a Ana Franco | Linhares<br \/>\n15h | Bloco do Lalado| Rua Padre Ac\u00e1cio Duarte| Jardim Esperan\u00e7a<\/p>\n","protected":false},"excerpt":{"rendered":"<p>No pr\u00f3ximo dia 16 de fevereiro o Carnaval 2019 de Juiz de Fora ter\u00e1 in\u00edcio oficialmente, sendo 16 dias de folia, at\u00e9 o dia 5 de mar\u00e7o. Como nos anos anteriores, a celebra\u00e7\u00e3o carnavalesca do munic\u00edpio ocorre antecipadamente, em rela\u00e7\u00e3o ao calend\u00e1rio nacional. Entre os blocos programados est\u00e3o Beco, Parangol\u00e9 Valvulado, Eu e Voc\u00ea, Batuquefolia, [&hellip;]<\/p>\n","protected":false},"author":96,"featured_media":133372,"comment_status":"closed","ping_status":"closed","sticky":false,"template":"","format":"standard","meta":{"footnotes":""},"categories":[253,436,440,439],"tags":[],"class_list":["post-133364","post","type-post","status-publish","format-standard","has-post-thumbnail","hentry","category-cidade","category-destaque-da-semana","category-destaques-do-dia","category-ultima-hora"],"_links":{"self":[{"href":"https:\/\/diarioregionaldigital.com.br\/index.php?rest_route=\/wp\/v2\/posts\/133364","targetHints":{"allow":["GET"]}}],"collection":[{"href":"https:\/\/diarioregionaldigital.com.br\/index.php?rest_route=\/wp\/v2\/posts"}],"about":[{"href":"https:\/\/diarioregionaldigital.com.br\/index.php?rest_route=\/wp\/v2\/types\/post"}],"author":[{"embeddable":true,"href":"https:\/\/diarioregionaldigital.com.br\/index.php?rest_route=\/wp\/v2\/users\/96"}],"replies":[{"embeddable":true,"href":"https:\/\/diarioregionaldigital.com.br\/index.php?rest_route=%2Fwp%2Fv2%2Fcomments&post=133364"}],"version-history":[{"count":0,"href":"https:\/\/diarioregionaldigital.com.br\/index.php?rest_route=\/wp\/v2\/posts\/133364\/revisions"}],"wp:featuredmedia":[{"embeddable":true,"href":"https:\/\/diarioregionaldigital.com.br\/index.php?rest_route=\/wp\/v2\/media\/133372"}],"wp:attachment":[{"href":"https:\/\/diarioregionaldigital.com.br\/index.php?rest_route=%2Fwp%2Fv2%2Fmedia&parent=133364"}],"wp:term":[{"taxonomy":"category","embeddable":true,"href":"https:\/\/diarioregionaldigital.com.br\/index.php?rest_route=%2Fwp%2Fv2%2Fcategories&post=133364"},{"taxonomy":"post_tag","embeddable":true,"href":"https:\/\/diarioregionaldigital.com.br\/index.php?rest_route=%2Fwp%2Fv2%2Ftags&post=133364"}],"curies":[{"name":"wp","href":"https:\/\/api.w.org\/{rel}","templated":true}]}}