{"id":133360,"date":"2019-02-07T16:16:21","date_gmt":"2019-02-07T18:16:21","guid":{"rendered":"https:\/\/diarioregionaldigital.com.br\/?p=133360"},"modified":"2019-02-07T16:17:28","modified_gmt":"2019-02-07T18:17:28","slug":"empresa-devera-indenizar-noiva-de-sao-joao-del-rei-por-vestido-danificado","status":"publish","type":"post","link":"https:\/\/diarioregionaldigital.com.br\/?p=133360","title":{"rendered":"Empresa dever\u00e1 indenizar noiva de S\u00e3o Jo\u00e3o del Rei por vestido danificado"},"content":{"rendered":"<p>Uma noiva da cidade de S\u00e3o Jo\u00e3o Del-Rei, que fica a, aproximadamente, 170km de Juiz de Fora, dever\u00e1 ser indenizada por ter recebido um vestido danificado. A empresa, onde a mulher alugou o vestido na antev\u00e9spera do casamento, entregou a roupa amarelada, suja e descosturada. Segundo a noiva, outros acess\u00f3rios, como a camisa do noivo e sapatos tamb\u00e9m vieram com defeitos. O valor da indeniza\u00e7\u00e3o ficou definido em R$5 mil, corrigidos monetariamente.<\/p>\n<p>De acordo com o Tribunal de Justi\u00e7a de Minas Gerais (TJMG), a empresa que forneceu o traje alegou que uma cl\u00e1usula do contrato pactuado entre as partes destacava que a noiva deveria vistorias o vestido antes de sair da loja. O desembargador Vicente de Oliveira Silva considerou que o conflito deveria ser julgado sob a rela\u00e7\u00e3o fornecedor e consumidor.<\/p>\n<p>A noiva informou que, ao receber os trajes, foi at\u00e9 o estabelecimento e o mesmo estava fechado, com uma placa informando que voltaria abrir apenas ap\u00f3s a data marcada para o casamento. Ela precisou alugar os trajes para o casamento em outro estabelecimento.<\/p>\n<p>No processo, constavam fotografias que confirmavam que os trajes descritos no contrato estavam em mal estado. Segundo o desembargador, h\u00e1 um depoimento de uma costureira que confirmou a impossibilidade da utiliza\u00e7\u00e3o do vestido de noiva no casamento. \u201cO vestido n\u00e3o foi higienizado e tinha cabelos espalhados em toda sua extens\u00e3o\u201d, relatou. Com isso, o desembargador Vicente de Oliveira Silva, entendeu que houve falha na presta\u00e7\u00e3o do servi\u00e7o contratado sendo induvidosa a responsabilidade da empresa pelos danos experimentados pela noiva.<\/p>\n<p>Os desembargadores Manoel dos Reis Morais e Claret de Moraes acompanharam o voto do relator.<\/p>\n","protected":false},"excerpt":{"rendered":"<p>Uma noiva da cidade de S\u00e3o Jo\u00e3o Del-Rei, que fica a, aproximadamente, 170km de Juiz de Fora, dever\u00e1 ser indenizada por ter recebido um vestido danificado. A empresa, onde a mulher alugou o vestido na antev\u00e9spera do casamento, entregou a roupa amarelada, suja e descosturada. Segundo a noiva, outros acess\u00f3rios, como a camisa do noivo [&hellip;]<\/p>\n","protected":false},"author":96,"featured_media":133361,"comment_status":"closed","ping_status":"closed","sticky":false,"template":"","format":"standard","meta":{"footnotes":""},"categories":[436,252,439],"tags":[],"class_list":["post-133360","post","type-post","status-publish","format-standard","has-post-thumbnail","hentry","category-destaque-da-semana","category-regiao","category-ultima-hora"],"_links":{"self":[{"href":"https:\/\/diarioregionaldigital.com.br\/index.php?rest_route=\/wp\/v2\/posts\/133360","targetHints":{"allow":["GET"]}}],"collection":[{"href":"https:\/\/diarioregionaldigital.com.br\/index.php?rest_route=\/wp\/v2\/posts"}],"about":[{"href":"https:\/\/diarioregionaldigital.com.br\/index.php?rest_route=\/wp\/v2\/types\/post"}],"author":[{"embeddable":true,"href":"https:\/\/diarioregionaldigital.com.br\/index.php?rest_route=\/wp\/v2\/users\/96"}],"replies":[{"embeddable":true,"href":"https:\/\/diarioregionaldigital.com.br\/index.php?rest_route=%2Fwp%2Fv2%2Fcomments&post=133360"}],"version-history":[{"count":0,"href":"https:\/\/diarioregionaldigital.com.br\/index.php?rest_route=\/wp\/v2\/posts\/133360\/revisions"}],"wp:featuredmedia":[{"embeddable":true,"href":"https:\/\/diarioregionaldigital.com.br\/index.php?rest_route=\/wp\/v2\/media\/133361"}],"wp:attachment":[{"href":"https:\/\/diarioregionaldigital.com.br\/index.php?rest_route=%2Fwp%2Fv2%2Fmedia&parent=133360"}],"wp:term":[{"taxonomy":"category","embeddable":true,"href":"https:\/\/diarioregionaldigital.com.br\/index.php?rest_route=%2Fwp%2Fv2%2Fcategories&post=133360"},{"taxonomy":"post_tag","embeddable":true,"href":"https:\/\/diarioregionaldigital.com.br\/index.php?rest_route=%2Fwp%2Fv2%2Ftags&post=133360"}],"curies":[{"name":"wp","href":"https:\/\/api.w.org\/{rel}","templated":true}]}}