{"id":133355,"date":"2019-02-10T05:58:51","date_gmt":"2019-02-10T07:58:51","guid":{"rendered":"https:\/\/diarioregionaldigital.com.br\/?p=133355"},"modified":"2019-02-07T14:56:02","modified_gmt":"2019-02-07T16:56:02","slug":"projeto-visita-ao-campus-retoma-atividades-em-marco","status":"publish","type":"post","link":"https:\/\/diarioregionaldigital.com.br\/?p=133355","title":{"rendered":"Projeto Visita ao Campus retoma atividades em mar\u00e7o"},"content":{"rendered":"<p>Com a proximidade do retorno \u00e0s aulas, a Universidade Federal de Juiz de Fora (UFJF) se prepara n\u00e3o apenas para receber os novos calouros, mas tamb\u00e9m os estudantes a partir do 9\u00ba\u00a0ano do ensino fundamental de Juiz de Fora e regi\u00e3o para as atividades do programa Visita ao Campus. Previsto para retomar as atividades em 23 de mar\u00e7o, o projeto da Diretoria de Imagem Institucional busca estreitar o contato da Institui\u00e7\u00e3o\u00a0com os alunos que come\u00e7am a se preparar para o Programa de Ingresso Seletivo Misto (Pism) ou para a prova do Exame Nacional do Ensino M\u00e9dio (Enem).<\/p>\n<p>Mais do que apresentar e trazer visibilidade para a UFJF, o programa consiste em desvendar os mitos dos 93 cursos disponibilizados pela Institui\u00e7\u00e3o, dividindo-os em nove rotas diferentes. Nesta perspectiva, a ideia \u00e9 mostrar o perfil dos profissionais de cada gradua\u00e7\u00e3o, proporcionar contato com professores, t\u00e9cnico-administrativos em educa\u00e7\u00e3o (TAEs) e, principalmente, alunos que possam falar sobre as suas experi\u00eancias e ter contato mais direto com os futuros estudantes da Universidade.<\/p>\n<p>\u201cNeste ano, queremos acrescentar nas rotas da visita guiada os projetos de extens\u00e3o, os programas de treinamento profissionais, os laborat\u00f3rios e todas as atividades que d\u00e3o a oportunidade de o candidato conhecer as potencialidades daquela profiss\u00e3o\u201d, ressalta a coordenadora da equipe de Cerimonial da UFJF, Ana Paula Dutra.<\/p>\n<p>Ana acredita que este contato do aluno secundarista, ou que est\u00e1 finalizando o ensino fundamental,\u00a0com graduandos e professores \u00e9 o momento adequado para que tenha familiaridade com a gradua\u00e7\u00e3o. \u201c\u00c9 fundamental mostrar ao aluno que ele n\u00e3o ter\u00e1 apenas proximidade com a teoria, mas com a forma pr\u00e1tica que ela \u00e9 aplicada no cotidiano e nas pesquisas. Todas essas atividades extracurriculares\u00a0enriquecem a forma\u00e7\u00e3o e d\u00e3o a oportunidade do aluno atuar como um profissional diferenciado\u201d.<\/p>\n<p>&nbsp;<\/p>\n<p><strong>Acolhimento universit\u00e1rio<\/strong><\/p>\n<p>Tendo em vista um melhor acolhimento dos poss\u00edveis calouros da UFJF, o programa pretende apresentar para este aluno os projetos e atividades extracurriculares da Universidade. Ana Paula destaca a import\u00e2ncia da colabora\u00e7\u00e3o dos professores, TAEs e universit\u00e1rios para que demonstrem interesse em apresentar seus projetos e din\u00e2micas.<\/p>\n<p>\u201cO que a gente chama a aten\u00e7\u00e3o \u00e9 que para possibilitar a visita\u00e7\u00e3o desses alunos, n\u00f3s precisamos do apoio de todos os profissionais e estudantes da UFJF. Esperamos que possam nos procurar ou nos dar retornos sobre a viabilidade de fazer a visita\u00e7\u00e3o nesses projetos que enriquecem o nosso ensino de qualidade. Por isso, estamos divulgando durante o m\u00eas de fevereiro a nossa proposta e pedindo para que as pessoas nos ajudem a recepcionar os estudantes. A rota dura em torno de 30 minutos, ent\u00e3o a gente n\u00e3o ocupa muito tempo\u201d, explica.<\/p>\n<p>Ana Paula destaca que a participa\u00e7\u00e3o discente \u00e9 fundamental na contribui\u00e7\u00e3o de um maior acolhimento com os futuros candidatos.\u201cO graduando \u00e9 pe\u00e7a chave. Muitos deles conheceram a UFJF por meio do nosso programa de visita\u00e7\u00e3o guiada e hoje nos ajudam a receber os poss\u00edveis calouros. Outros ficam interessados em receber os alunos que v\u00eam da mesma escola que ele ou ela estudou anteriormente. \u00c9 uma troca rec\u00edproca. \u00c9 uma forma daquele estudante que tem interesse em se tornar parte da UFJF ter como exemplo algu\u00e9m que j\u00e1 passou por situa\u00e7\u00f5es parecidas. Acredito verdadeiramente que a Visita ao Campus \u00e9 uma possibilidade de ampliar horizontes.\u201d<\/p>\n<p>&nbsp;<\/p>\n<p><strong>Agende sua visita<\/strong><\/p>\n<p>A Diretoria de Imagem Institucional possui um cadastro das escolas do munic\u00edpio e da regi\u00e3o que demonstraram interesse em fazer parte da Visita ao Campus. Para elas j\u00e1 foram enviados convite de agendamento de novas visitas e escolha de rotas que gostariam de apresentar aos seus alunos. Por mais que a demanda seja intensa, a UFJF pretende ampliar e atender a todos os interessados, visando mesclar as \u00e1reas de conhecimento para que os estudantes tenham contato com todas as possibilidades ofertadas pela Universidade.\u00a0\u201cO nosso principal objetivo para 2019 \u00e9 que exista maior participa\u00e7\u00e3o das unidades acad\u00eamicas e administrativas para que possam acolher esses alunos e apoiar essas iniciativas.Afinal, uma das fun\u00e7\u00f5es da UFJF \u00e9 demonstrar que ela \u00e9 aberta e feita para todos\u201d, reitera Ana Paula.<\/p>\n<p>Durante as visitas guiadas, al\u00e9m da apresenta\u00e7\u00e3o dos espa\u00e7os e rotinas universit\u00e1rias, os estudantes t\u00eam a oportunidade de conhecer a Institui\u00e7\u00e3o e as formas de ingresso, principalmente o Programa de Ingresso Seletivo Misto (PISM). \u201cNo Brasil, n\u00f3s somos uma das poucas universidades que dedicam 50% das vagas ao processo de ingresso seriado. \u00c9 uma possibilidade a mais de tentar uma vaga, al\u00e9m de ser um preparat\u00f3rio para outros concursos.\u201d<\/p>\n<p>&nbsp;<\/p>\n<p><strong>O programa<\/strong><\/p>\n<p>O Programa de Visitas \u00e9 realizado pela Diretoria de Imagem Institucional ao longo de todo o ano, com o objetivo de apresentar a UFJF aos estudantes dos ensinos fundamental e m\u00e9dio das redes p\u00fablica e privada. Desde 2013 o projeto mant\u00e9m o formato atual: cada visita tem roteiro pr\u00f3prio, escolhido pela UFJF em conjunto com a institui\u00e7\u00e3o visitante.<\/p>\n<p>As visitas devem ser agendadas e s\u00e3o realizadas entre quarta e sexta-feira. As escolas interessadas em participar devem entrar em contato com a Universidade pelo e-mail:\u00a0<a href=\"mailto:visitas@comunicacao.ufjf.br\">visitas@comunicacao.ufjf.br<\/a>.<\/p>\n<p>Fonte: Assessoria<\/p>\n","protected":false},"excerpt":{"rendered":"<p>Com a proximidade do retorno \u00e0s aulas, a Universidade Federal de Juiz de Fora (UFJF) se prepara n\u00e3o apenas para receber os novos calouros, mas tamb\u00e9m os estudantes a partir do 9\u00ba\u00a0ano do ensino fundamental de Juiz de Fora e regi\u00e3o para as atividades do programa Visita ao Campus. Previsto para retomar as atividades em [&hellip;]<\/p>\n","protected":false},"author":96,"featured_media":130741,"comment_status":"closed","ping_status":"closed","sticky":false,"template":"","format":"standard","meta":{"footnotes":""},"categories":[253,436,440,439],"tags":[],"class_list":["post-133355","post","type-post","status-publish","format-standard","has-post-thumbnail","hentry","category-cidade","category-destaque-da-semana","category-destaques-do-dia","category-ultima-hora"],"_links":{"self":[{"href":"https:\/\/diarioregionaldigital.com.br\/index.php?rest_route=\/wp\/v2\/posts\/133355","targetHints":{"allow":["GET"]}}],"collection":[{"href":"https:\/\/diarioregionaldigital.com.br\/index.php?rest_route=\/wp\/v2\/posts"}],"about":[{"href":"https:\/\/diarioregionaldigital.com.br\/index.php?rest_route=\/wp\/v2\/types\/post"}],"author":[{"embeddable":true,"href":"https:\/\/diarioregionaldigital.com.br\/index.php?rest_route=\/wp\/v2\/users\/96"}],"replies":[{"embeddable":true,"href":"https:\/\/diarioregionaldigital.com.br\/index.php?rest_route=%2Fwp%2Fv2%2Fcomments&post=133355"}],"version-history":[{"count":0,"href":"https:\/\/diarioregionaldigital.com.br\/index.php?rest_route=\/wp\/v2\/posts\/133355\/revisions"}],"wp:featuredmedia":[{"embeddable":true,"href":"https:\/\/diarioregionaldigital.com.br\/index.php?rest_route=\/wp\/v2\/media\/130741"}],"wp:attachment":[{"href":"https:\/\/diarioregionaldigital.com.br\/index.php?rest_route=%2Fwp%2Fv2%2Fmedia&parent=133355"}],"wp:term":[{"taxonomy":"category","embeddable":true,"href":"https:\/\/diarioregionaldigital.com.br\/index.php?rest_route=%2Fwp%2Fv2%2Fcategories&post=133355"},{"taxonomy":"post_tag","embeddable":true,"href":"https:\/\/diarioregionaldigital.com.br\/index.php?rest_route=%2Fwp%2Fv2%2Ftags&post=133355"}],"curies":[{"name":"wp","href":"https:\/\/api.w.org\/{rel}","templated":true}]}}