{"id":133342,"date":"2019-02-10T06:00:01","date_gmt":"2019-02-10T08:00:01","guid":{"rendered":"https:\/\/diarioregionaldigital.com.br\/?p=133342"},"modified":"2019-02-07T14:57:53","modified_gmt":"2019-02-07T16:57:53","slug":"tiradentes-espera-receber-cerca-de-20-mil-folioes-no-carnaval","status":"publish","type":"post","link":"https:\/\/diarioregionaldigital.com.br\/?p=133342","title":{"rendered":"Tiradentes espera receber cerca de 20 mil foli\u00f5es no carnaval"},"content":{"rendered":"<p>Entre os dias 28 de fevereiro e 5 de mar\u00e7o, a cidade de Tiradentes ser\u00e1 palco de um dos mais animados carnavais de Minas Gerais. O Carnaval Cultural de Tiradentes promete agradar todos os p\u00fablicos e gostos, resgatando as marchinhas e os tradicionais blocos de ruas, al\u00e9m de promover shows variados.<\/p>\n<p>A cidade marcada por seu privilegiado patrim\u00f4nio hist\u00f3rico, cultural e belezas naturais espera receber cerca de 20 mil foli\u00f5es de v\u00e1rias regi\u00f5es do Brasil, a estimativa \u00e9 da Secretaria Municipal de Turismo e Cultura. A programa\u00e7\u00e3o oficial est\u00e1 em fase final de defini\u00e7\u00f5es, pretende transformar o evento em um carnaval para todos os gostos. Bloquinhos com bateria ao vivo, shows, fantasia, purpurina, muita e muita anima\u00e7\u00e3o.<\/p>\n<div id=\"attachment_133344\" style=\"width: 513px\" class=\"wp-caption aligncenter\"><img loading=\"lazy\" decoding=\"async\" aria-describedby=\"caption-attachment-133344\" class=\" wp-image-133344\" src=\"https:\/\/diarioregionaldigital.com.br\/wp-content\/uploads\/2019\/02\/foto-02-divulga\u00e7\u00e3o-300x200.jpg\" alt=\"\" width=\"503\" height=\"335\" srcset=\"https:\/\/diarioregionaldigital.com.br\/wp-content\/uploads\/2019\/02\/foto-02-divulga\u00e7\u00e3o-300x200.jpg 300w, https:\/\/diarioregionaldigital.com.br\/wp-content\/uploads\/2019\/02\/foto-02-divulga\u00e7\u00e3o-360x240.jpg 360w, https:\/\/diarioregionaldigital.com.br\/wp-content\/uploads\/2019\/02\/foto-02-divulga\u00e7\u00e3o.jpg 582w\" sizes=\"auto, (max-width: 503px) 100vw, 503px\" \/><p id=\"caption-attachment-133344\" class=\"wp-caption-text\">Organiza\u00e7\u00e3o espera receber cerca de 20 mil foli\u00f5es de v\u00e1rias regi\u00f5es do Brasil. Foto: Divulga\u00e7\u00e3o<\/p><\/div>\n<p>Relatos hist\u00f3ricos indicam que o carnaval veio para as ruas de Tiradentes no in\u00edcio do s\u00e9culo XIX. De l\u00e1 para c\u00e1, a folia da cidade ganhou amplitude nacional e est\u00e1 no ranking entre as mais procuradas e as mais conhecidas do Brasil. Mas, nos \u00faltimos anos, a cidade virou o destino preferido de fam\u00edlias e grupos de amigos que pretendem fugir de festas das grandes metr\u00f3poles, tais como: S\u00e3o Paulo, Rio de Janeiro, Salvador e Belo Horizonte. Al\u00e9m da folia, os turistas aproveitam para descansar, aproveitando a vasta cadeia de pousadas e hot\u00e9is que a Tiradentes oferece, sem contar a gastronomia, pontos tur\u00edsticos e cachoeiras.<\/p>\n<p>Ainda para o ano de 2019, est\u00e1 confirmada a produ\u00e7\u00e3o da empresa Pulsar Brasil, que vai trazer diferentes interven\u00e7\u00f5es culturais para o evento, com o patroc\u00ednio oficial da AMBEV \u2013 marca Skol, cujo valor aprovado foi de R$ 200 mil, sendo repassada uma verba de R$56 mil para a Associa\u00e7\u00e3o dos Blocos de Tiradentes (ABT). A expectativa \u00e9 grande para a apresenta\u00e7\u00e3o de blocos tradicionais da cidade, como: Bloco das Dom\u00e9sticas,Ver-Te-Cana, Bloco Palha\u00e7ada, Roma Foi Pouco, Beat\u00f5es da Sant\u00edssima, entre outros.<\/p>\n<div id=\"attachment_133345\" style=\"width: 570px\" class=\"wp-caption aligncenter\"><img loading=\"lazy\" decoding=\"async\" aria-describedby=\"caption-attachment-133345\" class=\" wp-image-133345\" src=\"https:\/\/diarioregionaldigital.com.br\/wp-content\/uploads\/2019\/02\/foto-03-divulga\u00e7\u00e3o-300x200.jpg\" alt=\"\" width=\"560\" height=\"373\" srcset=\"https:\/\/diarioregionaldigital.com.br\/wp-content\/uploads\/2019\/02\/foto-03-divulga\u00e7\u00e3o-300x200.jpg 300w, https:\/\/diarioregionaldigital.com.br\/wp-content\/uploads\/2019\/02\/foto-03-divulga\u00e7\u00e3o-360x240.jpg 360w, https:\/\/diarioregionaldigital.com.br\/wp-content\/uploads\/2019\/02\/foto-03-divulga\u00e7\u00e3o.jpg 480w\" sizes=\"auto, (max-width: 560px) 100vw, 560px\" \/><p id=\"caption-attachment-133345\" class=\"wp-caption-text\">Entre as programa\u00e7\u00f5es v\u00e3o ter bloquinhos com bateria ao vivo, shows, muita fantasia, purpurina, e anima\u00e7\u00e3o. Foto: Divulga\u00e7\u00e3o<\/p><\/div>\n<p>Neste ano, a programa\u00e7\u00e3o tamb\u00e9m ter\u00e1 como novidade a realiza\u00e7\u00e3o de oficinas gratuitas de artes com patchwork (trabalhos com retalhos), customiza\u00e7\u00e3o de abad\u00e1s, estandartes e reciclagem de materiais carnavalescos. Mais informa\u00e7\u00f5es podem ser obtidas pelo site (<a href=\"http:\/\/www.tiradentes.mg.gov.br\">www.tiradentes.mg.gov.br<\/a>).<\/p>\n<p>&nbsp;<\/p>\n<p><strong>Confira a seguir a Programa\u00e7\u00e3o dos Blocos:<\/strong><\/p>\n<p><strong>QUINTA-FEIRA (28\/02\/19) <\/strong><\/p>\n<p>1 &#8211; BLOCO ABT (Associa\u00e7\u00e3o dos Blocos de Tiradentes) &#8211; CONCENTRA\u00c7\u00c3O: 19:00hs \u2013 Largo das Merc\u00eas SA\u00cdDA: 20:00hs<\/p>\n<p>&nbsp;<\/p>\n<p><strong>SEXTA-FEIRA (01\/03\/19) <\/strong><\/p>\n<p>2 &#8211; BLOCO REVIVER \u2013 (Escola Bas\u00edlio da Gama) &#8211; CONCENTRA\u00c7\u00c3O: 08:00hs \u2013 Escola Estadual Bas\u00edlio da Gama SA\u00cdDA: 09:00hs<\/p>\n<p>3 &#8211; BLOCO DAS CHARRETEIRAS (Rumo \u00e0s Dom\u00e9sticas) &#8211; CONCENTRA\u00c7\u00c3O: 19:00hs \u2013 Cuiab\u00e1 SA\u00cdDA: 21:00hs<\/p>\n<p>4 \u2013 BLOCO DAS DOM\u00c9STICAS &#8211; CONCENTRA\u00c7\u00c3O: 21:00hs \u2013 Bar da Zez\u00e9 SA\u00cdDA: 23:00hs<\/p>\n<p>&nbsp;<\/p>\n<p><strong>S\u00c1BADO (02\/03\/19) <\/strong><\/p>\n<p>5 \u2013 BLOCO ALVORADA\u00a0 &#8211; CONCENTRA\u00c7\u00c3O: 03:00hs \u2013 Alto S\u00e3o Francisco SA\u00cdDA: 04:00hs<\/p>\n<p>6 \u2013 BLOCO das Divas &#8211; CONCENTRA\u00c7\u00c3O: 14:00hs \u2013 Trevinho dos Mala SA\u00cdDA: 16:00hs<\/p>\n<p>7 \u2013 BLOCO AMOR&amp;CANA &#8211; CONCENTRA\u00c7\u00c3O: 17:00hs \u2013 Igreja do Canjica SA\u00cdDA: 19:00hs<\/p>\n<p>8 \u2013 BLOCO ESTA\u00c7\u00c3O CA\u00c7A-CACHA\u00c7A &#8211; CONCENTRA\u00c7\u00c3O: 20:00hs \u2013 Bar da zez\u00e9 SA\u00cdDA: 22:00hs<\/p>\n<p>&nbsp;<\/p>\n<p><strong>DOMINGO (03\/03\/19) <\/strong><\/p>\n<p>9 \u2013 BLOCO SECOS&amp;MOLHADOS &#8211; CONCENTRA\u00c7\u00c3O: 15:00hs \u2013 igreja do Canjica SA\u00cdDA: 17:00hs<\/p>\n<p>10 \u2013 Caminhada TREMBIER &#8211; CONCENTRA\u00c7\u00c3O: 15:00hs \u2013 Rua Gabriel Passos SA\u00cdDA: 17:00hs<\/p>\n<p>11 \u2013 BLOCO VER-TE CANA &#8211; CONCENTRA\u00c7\u00c3O: 19:00hs \u2013 Rua direita SA\u00cdDA: 21:30hs<\/p>\n<p>&nbsp;<\/p>\n<p><strong>SEGUNDA-FEIRA (04\/03\/19) <\/strong><\/p>\n<p>12 \u2013 BLOCO GATOS DE BOTAS &#8211; CONCENTRA\u00c7\u00c3O: 14:00hs \u2013 Bar da zez\u00e9 SA\u00cdDA: 16:00hs<\/p>\n<p>13 \u2013 BLOCO PALHA\u00c7ADA &#8211; CONCENTRA\u00c7\u00c3O: 15:00hs \u2013 Largo das Merc\u00eas SA\u00cdDA: 17:00hs<\/p>\n<p>14 \u2013 BLOCO BEAT\u00d5ES DA SANT\u00cdSSIMA &#8211; CONCENTRA\u00c7\u00c3O: 20:00hs \u2013 Bar da Zez\u00e9 SA\u00cdDA: 21:00hs<\/p>\n<p>15 \u2013 BLOCO OS ABANDONADOS &#8211; CONCENTRA\u00c7\u00c3O: 21:00hs \u2013 Cuiab\u00e1 de Baixo SA\u00cdDA: 23:00hs<\/p>\n<p>&nbsp;<\/p>\n<p><strong>TER\u00c7A-FEIRA (05\/03\/19)<\/strong><\/p>\n<p>16 \u2013 BLOCO do P.A.N.E.L.A &#8211; CONCENTRA\u00c7\u00c3O: 14:00hs \u2013 Quatro Cantos SA\u00cdDA: 16:00hs<\/p>\n<p>17 \u2013 BLOCO UNIDOS DA PONTE &#8211; CONCENTRA\u00c7\u00c3O: 16:00hs \u2013 Rua dos Inconfidentes SA\u00cdDA: 18:00hs<\/p>\n<p>18 \u2013 BLOCO AIMOR\u00c9S- CONCENTRA\u00c7\u00c3O: 18:00hs \u2013 Sede do Aimor\u00e9s \u2013 Rua direta SA\u00cdDA: 20:00hs<\/p>\n<p>19 \u2013 BLOCO ROMA FOI POUCO &#8211; CONCENTRA\u00c7\u00c3O: 21:00hs \u2013 Quatro Cantos SA\u00cdDA: 23:00hs<\/p>\n<p>20 \u2013 BLOCO GOURMET DA MADRUGADA &#8211; CONCENTRA\u00c7\u00c3O: 02:00hs \u2013 Quatro Cantos SA\u00cdDA: 03:00hs<\/p>\n<p>&nbsp;<\/p>\n<p>&nbsp;<\/p>\n<p>Fonte: Assessoria<\/p>\n","protected":false},"excerpt":{"rendered":"<p>Entre os dias 28 de fevereiro e 5 de mar\u00e7o, a cidade de Tiradentes ser\u00e1 palco de um dos mais animados carnavais de Minas Gerais. O Carnaval Cultural de Tiradentes promete agradar todos os p\u00fablicos e gostos, resgatando as marchinhas e os tradicionais blocos de ruas, al\u00e9m de promover shows variados. A cidade marcada por [&hellip;]<\/p>\n","protected":false},"author":96,"featured_media":133343,"comment_status":"closed","ping_status":"closed","sticky":false,"template":"","format":"standard","meta":{"footnotes":""},"categories":[435,439],"tags":[],"class_list":["post-133342","post","type-post","status-publish","format-standard","has-post-thumbnail","hentry","category-colunas","category-ultima-hora"],"_links":{"self":[{"href":"https:\/\/diarioregionaldigital.com.br\/index.php?rest_route=\/wp\/v2\/posts\/133342","targetHints":{"allow":["GET"]}}],"collection":[{"href":"https:\/\/diarioregionaldigital.com.br\/index.php?rest_route=\/wp\/v2\/posts"}],"about":[{"href":"https:\/\/diarioregionaldigital.com.br\/index.php?rest_route=\/wp\/v2\/types\/post"}],"author":[{"embeddable":true,"href":"https:\/\/diarioregionaldigital.com.br\/index.php?rest_route=\/wp\/v2\/users\/96"}],"replies":[{"embeddable":true,"href":"https:\/\/diarioregionaldigital.com.br\/index.php?rest_route=%2Fwp%2Fv2%2Fcomments&post=133342"}],"version-history":[{"count":0,"href":"https:\/\/diarioregionaldigital.com.br\/index.php?rest_route=\/wp\/v2\/posts\/133342\/revisions"}],"wp:featuredmedia":[{"embeddable":true,"href":"https:\/\/diarioregionaldigital.com.br\/index.php?rest_route=\/wp\/v2\/media\/133343"}],"wp:attachment":[{"href":"https:\/\/diarioregionaldigital.com.br\/index.php?rest_route=%2Fwp%2Fv2%2Fmedia&parent=133342"}],"wp:term":[{"taxonomy":"category","embeddable":true,"href":"https:\/\/diarioregionaldigital.com.br\/index.php?rest_route=%2Fwp%2Fv2%2Fcategories&post=133342"},{"taxonomy":"post_tag","embeddable":true,"href":"https:\/\/diarioregionaldigital.com.br\/index.php?rest_route=%2Fwp%2Fv2%2Ftags&post=133342"}],"curies":[{"name":"wp","href":"https:\/\/api.w.org\/{rel}","templated":true}]}}