{"id":133336,"date":"2019-02-07T14:25:17","date_gmt":"2019-02-07T16:25:17","guid":{"rendered":"https:\/\/diarioregionaldigital.com.br\/?p=133336"},"modified":"2019-02-07T16:10:55","modified_gmt":"2019-02-07T18:10:55","slug":"sancionada-lei-que-proibe-a-dupla-funcao-do-motorista-de-onibus-em-juiz-de-fora","status":"publish","type":"post","link":"https:\/\/diarioregionaldigital.com.br\/?p=133336","title":{"rendered":"Sancionada lei que pro\u00edbe a dupla fun\u00e7\u00e3o do motorista de \u00f4nibus em Juiz de Fora"},"content":{"rendered":"<p>O Prefeito de Juiz de Fora, Ant\u00f4nio Almas (PSDB), sancionou a Lei 13.838 que pro\u00edbe que as empresas de transporte coletivo a tribuam aos motoristas o ac\u00famulo da fun\u00e7\u00e3o de cobrador nos \u00f4nibus urbanos de Juiz de Fora.<\/p>\n<p>A lei \u00e9 de autoria de Roberto Cupolillo (Bet\u00e3o-PT), atualmente Deputado Estadual, e entrou em vigor nesta quinta-feira, 7.\u00a0 A proibi\u00e7\u00e3o abrange todos os modelos de ve\u00edculos, sejam eles \u00f4nibus convencionais ou micro-\u00f4nibus, com uma ou duas portas, de qualquer tipo de linha. Sendo assim, as empresas dever\u00e3o manter em cada ve\u00edculo um profissional qualificado para exercer as fun\u00e7\u00f5es de cobran\u00e7a de passagem, controle de bilhetagem eletr\u00f4nica e libera\u00e7\u00e3o de catraca.<\/p>\n<p>Em caso de descumprimento, a legisla\u00e7\u00e3o prev\u00ea inicialmente advert\u00eancia por escrito e, na reincid\u00eancia, ser\u00e1 aplica multa de R$ 5 mil por cada infra\u00e7\u00e3o autuada.<\/p>\n","protected":false},"excerpt":{"rendered":"<p>O Prefeito de Juiz de Fora, Ant\u00f4nio Almas (PSDB), sancionou a Lei 13.838 que pro\u00edbe que as empresas de transporte coletivo a tribuam aos motoristas o ac\u00famulo da fun\u00e7\u00e3o de cobrador nos \u00f4nibus urbanos de Juiz de Fora. A lei \u00e9 de autoria de Roberto Cupolillo (Bet\u00e3o-PT), atualmente Deputado Estadual, e entrou em vigor nesta [&hellip;]<\/p>\n","protected":false},"author":96,"featured_media":133359,"comment_status":"closed","ping_status":"closed","sticky":false,"template":"","format":"standard","meta":{"footnotes":""},"categories":[253,436,440,439],"tags":[],"class_list":["post-133336","post","type-post","status-publish","format-standard","has-post-thumbnail","hentry","category-cidade","category-destaque-da-semana","category-destaques-do-dia","category-ultima-hora"],"_links":{"self":[{"href":"https:\/\/diarioregionaldigital.com.br\/index.php?rest_route=\/wp\/v2\/posts\/133336","targetHints":{"allow":["GET"]}}],"collection":[{"href":"https:\/\/diarioregionaldigital.com.br\/index.php?rest_route=\/wp\/v2\/posts"}],"about":[{"href":"https:\/\/diarioregionaldigital.com.br\/index.php?rest_route=\/wp\/v2\/types\/post"}],"author":[{"embeddable":true,"href":"https:\/\/diarioregionaldigital.com.br\/index.php?rest_route=\/wp\/v2\/users\/96"}],"replies":[{"embeddable":true,"href":"https:\/\/diarioregionaldigital.com.br\/index.php?rest_route=%2Fwp%2Fv2%2Fcomments&post=133336"}],"version-history":[{"count":0,"href":"https:\/\/diarioregionaldigital.com.br\/index.php?rest_route=\/wp\/v2\/posts\/133336\/revisions"}],"wp:featuredmedia":[{"embeddable":true,"href":"https:\/\/diarioregionaldigital.com.br\/index.php?rest_route=\/wp\/v2\/media\/133359"}],"wp:attachment":[{"href":"https:\/\/diarioregionaldigital.com.br\/index.php?rest_route=%2Fwp%2Fv2%2Fmedia&parent=133336"}],"wp:term":[{"taxonomy":"category","embeddable":true,"href":"https:\/\/diarioregionaldigital.com.br\/index.php?rest_route=%2Fwp%2Fv2%2Fcategories&post=133336"},{"taxonomy":"post_tag","embeddable":true,"href":"https:\/\/diarioregionaldigital.com.br\/index.php?rest_route=%2Fwp%2Fv2%2Ftags&post=133336"}],"curies":[{"name":"wp","href":"https:\/\/api.w.org\/{rel}","templated":true}]}}