{"id":133329,"date":"2019-02-07T13:53:24","date_gmt":"2019-02-07T15:53:24","guid":{"rendered":"https:\/\/diarioregionaldigital.com.br\/?p=133329"},"modified":"2019-02-07T13:53:24","modified_gmt":"2019-02-07T15:53:24","slug":"numero-de-clientes-de-planos-de-saude-tem-primeira-elevacao-desde-2014-2","status":"publish","type":"post","link":"https:\/\/diarioregionaldigital.com.br\/?p=133329","title":{"rendered":"N\u00famero de clientes de planos de sa\u00fade tem primeira eleva\u00e7\u00e3o desde 2014"},"content":{"rendered":"<p>Os planos de sa\u00fade fecharam 2018 com alta de 0,4% no n\u00famero de clientes, em compara\u00e7\u00e3o ao ano anterior. Os n\u00fameros s\u00e3o do Instituto de Estudos de Sa\u00fade Suplementar (IESS).<\/p>\n<p>Esta foi a primeira eleva\u00e7\u00e3o desde 2014. No per\u00edodo compreendido entre 2014 e 2017, o setor de sa\u00fade suplementar s\u00f3 registrava perdas. Mais de 3 milh\u00f5es de consumidores perderam os planos de sa\u00fade.<\/p>\n<p>Os planos m\u00e9dico-hospitalares encerraram 2018 com 47,4 milh\u00f5es de clientes. No total, foram firmados 200,2 mil novos contratos<span id=\"OBJ_PREFIX_DWT2241_com_zimbra_date\" role=\"link\">\u00a0de janeiro<\/span>\u00a0a dezembro, segundo o IESS. O instituto atribuiu o impulso para a recupera\u00e7\u00e3o do setor \u00e0s regi\u00f5es Centro-Oeste e Nordeste. No Centro-Oeste, foram registrados 111,8 mil novos v\u00ednculos ao longo de 2018, incremento de 3,6% e um total de 3,2 milh\u00f5es de pacientes atendidos.<\/p>\n<p>O superintendente-executivo do IESS, Luiz Augusto Carneiro, destacou que dos novos v\u00ednculos, 49,9 mil est\u00e3o concentrados no Distrito Federal, que encerrou dezembro com 917,8 mil pessoas assistidas por planos m\u00e9dico-hospitalares, o que representa um crescimento de 5,8% em rela\u00e7\u00e3o ao per\u00edodo anterior.<\/p>\n<p>Outro destaque \u00e9 o Nordeste, onde foram firmados 82,8 mil novos v\u00ednculos. A regi\u00e3o contabiliza 6,6 milh\u00f5es de benefici\u00e1rios, com\u00a0aumento atingiu 1,3%.<\/p>\n<p>No Sudeste, o destaque foi S\u00e3o Paulo que, mesmo sendo o maior mercado de planos de sa\u00fade do Brasil, fechou o ano com evolu\u00e7\u00e3o de 0,3% no total de planos m\u00e9dico-hospitalares, o que equivale a 58,3 mil novos contratos. &#8220;O estado representa mais de um\u00a0<span id=\"OBJ_PREFIX_DWT2242_com_zimbra_date\" role=\"link\"><span id=\"OBJ_PREFIX_DWT2246_com_zimbra_date\" role=\"link\">ter<\/span><\/span>\u00e7o, ou o equivalente a 36,3% do total do mercado nacional. Com esse tamanho, \u00e9 natural que qualquer processo de retomada seja mais lento. Mas, uma vez &#8216;engatada&#8217;, a tend\u00eancia \u00e9 que a sa\u00fade suplementar volte a apresentar resultados positivos&#8221;, avaliou Carneiro.<\/p>\n<h2>Crescimento<\/h2>\n<p>O superintendente do IESS indicou que o processo de recupera\u00e7\u00e3o de consumidores de planos de sa\u00fade est\u00e1 atrelado ao desenvolvimento econ\u00f4mico e \u00e0 gera\u00e7\u00e3o de empregos formais, especialmente nos setores de com\u00e9rcio e servi\u00e7o dos grandes centros urbanos. &#8220;Esperamos\u00a0<span id=\"OBJ_PREFIX_DWT2243_com_zimbra_date\" role=\"link\"><span id=\"OBJ_PREFIX_DWT2247_com_zimbra_date\" role=\"link\">ter<\/span><\/span>\u00a0indicadores econ\u00f4micos positivos, mas se isso n\u00e3o acontecer, o setor pode permanecer estagnado por mais um tempo&#8221;, advertiu.<\/p>\n<p>A expectativa \u00e9 que o setor volte a crescer de modo mais efetivo quando o mercado formal de trabalho voltar a contratar, porque \u00e9 o mercado formal que oferece planos de sa\u00fade e odontol\u00f3gicos como benef\u00edcio a seus colaboradores.<\/p>\n<p>O Instituto de Estudos de Sa\u00fade Suplementar (IESS) \u00e9 uma entidade sem fins lucrativos que tem como objetivo promover e realizar estudos sobre sa\u00fade suplementar baseados em aspectos conceituais e t\u00e9cnicos que colaboram para a implementa\u00e7\u00e3o de pol\u00edticas e para a introdu\u00e7\u00e3o de melhores pr\u00e1ticas no pa\u00eds.<\/p>\n<p>&nbsp;<\/p>\n<p>Fonte: Ag\u00eancia Brasil<\/p>\n","protected":false},"excerpt":{"rendered":"<p>Os planos de sa\u00fade fecharam 2018 com alta de 0,4% no n\u00famero de clientes, em compara\u00e7\u00e3o ao ano anterior. Os n\u00fameros s\u00e3o do Instituto de Estudos de Sa\u00fade Suplementar (IESS). Esta foi a primeira eleva\u00e7\u00e3o desde 2014. No per\u00edodo compreendido entre 2014 e 2017, o setor de sa\u00fade suplementar s\u00f3 registrava perdas. Mais de 3 [&hellip;]<\/p>\n","protected":false},"author":96,"featured_media":133330,"comment_status":"closed","ping_status":"closed","sticky":false,"template":"","format":"standard","meta":{"footnotes":""},"categories":[302,436,262,439],"tags":[],"class_list":["post-133329","post","type-post","status-publish","format-standard","has-post-thumbnail","hentry","category-brasil-mundo","category-destaque-da-semana","category-noticias","category-ultima-hora"],"_links":{"self":[{"href":"https:\/\/diarioregionaldigital.com.br\/index.php?rest_route=\/wp\/v2\/posts\/133329","targetHints":{"allow":["GET"]}}],"collection":[{"href":"https:\/\/diarioregionaldigital.com.br\/index.php?rest_route=\/wp\/v2\/posts"}],"about":[{"href":"https:\/\/diarioregionaldigital.com.br\/index.php?rest_route=\/wp\/v2\/types\/post"}],"author":[{"embeddable":true,"href":"https:\/\/diarioregionaldigital.com.br\/index.php?rest_route=\/wp\/v2\/users\/96"}],"replies":[{"embeddable":true,"href":"https:\/\/diarioregionaldigital.com.br\/index.php?rest_route=%2Fwp%2Fv2%2Fcomments&post=133329"}],"version-history":[{"count":0,"href":"https:\/\/diarioregionaldigital.com.br\/index.php?rest_route=\/wp\/v2\/posts\/133329\/revisions"}],"wp:featuredmedia":[{"embeddable":true,"href":"https:\/\/diarioregionaldigital.com.br\/index.php?rest_route=\/wp\/v2\/media\/133330"}],"wp:attachment":[{"href":"https:\/\/diarioregionaldigital.com.br\/index.php?rest_route=%2Fwp%2Fv2%2Fmedia&parent=133329"}],"wp:term":[{"taxonomy":"category","embeddable":true,"href":"https:\/\/diarioregionaldigital.com.br\/index.php?rest_route=%2Fwp%2Fv2%2Fcategories&post=133329"},{"taxonomy":"post_tag","embeddable":true,"href":"https:\/\/diarioregionaldigital.com.br\/index.php?rest_route=%2Fwp%2Fv2%2Ftags&post=133329"}],"curies":[{"name":"wp","href":"https:\/\/api.w.org\/{rel}","templated":true}]}}