{"id":133308,"date":"2019-02-07T12:01:59","date_gmt":"2019-02-07T14:01:59","guid":{"rendered":"https:\/\/diarioregionaldigital.com.br\/?p=133308"},"modified":"2019-02-07T12:01:59","modified_gmt":"2019-02-07T14:01:59","slug":"fluminense-contrata-jovem-meia-allan-do-liverpool","status":"publish","type":"post","link":"https:\/\/diarioregionaldigital.com.br\/?p=133308","title":{"rendered":"Fluminense contrata jovem meia Allan, do Liverpool"},"content":{"rendered":"<p>A diretoria do\u00a0 Fluminense\u00a0acertou a contrata\u00e7\u00e3o de mais um refor\u00e7o para a sequ\u00eancia da temporada. Trata-se do meia Allan, de apenas 21 anos, que foi emprestado pelo\u00a0 Liverpool da Inglaterra at\u00e9 o meio do ano, com possibilidade de prorroga\u00e7\u00e3o de v\u00ednculo por mais uma temporada. O jogador chega sendo tratado como uma grande aposta pelos dirigentes por conta dos elogios ouvidos em rela\u00e7\u00e3o a seu futebol.<\/p>\n<p>Allan foi revelado nas categorias de base do\u00a0 Internacional\u00a0e tamb\u00e9m pode jogar como volante. No Colorado chamou a aten\u00e7\u00e3o do Liverpool, que investiu na sua contrata\u00e7\u00e3o. Por\u00e9m, o clube ingl\u00eas nunca p\u00f4de coloc\u00e1-lo em campo uma vez que o brasileiro n\u00e3o tinha visto da Premier League para trabalhar no pa\u00eds.<\/p>\n<p>A partir de ent\u00e3o Allan foi emprestado para clubes de menor tradi\u00e7\u00e3o no futebol europeu, como Sint-Truiden da B\u00e9lgica, SJK da Finl\u00e2ndia e Apollon Limassol de Chipre, onde se submeteu a uma cirurgia no ombro direito. Os empr\u00e9stimos aconteciam a pedido do t\u00e9cnico do Liverpool, Jurgen Klopp, que vem tentando prorrogar os v\u00ednculos dele com o clube a fim de facilitar conseguir o visto.<\/p>\n<p>O \u00faltimo clube de Allan foi o Eintracht Frankfurt da Alemanha. O jogador tem passagem pelas categorias de base da Sele\u00e7\u00e3o Brasileiro, tendo participado do Campeonato Sul-Americano Sub-20 de 2017.<\/p>\n<p>&nbsp;<\/p>\n<p>&nbsp;<\/p>\n<p>Fonte: Assessoria<\/p>\n","protected":false},"excerpt":{"rendered":"<p>A diretoria do\u00a0 Fluminense\u00a0acertou a contrata\u00e7\u00e3o de mais um refor\u00e7o para a sequ\u00eancia da temporada. Trata-se do meia Allan, de apenas 21 anos, que foi emprestado pelo\u00a0 Liverpool da Inglaterra at\u00e9 o meio do ano, com possibilidade de prorroga\u00e7\u00e3o de v\u00ednculo por mais uma temporada. O jogador chega sendo tratado como uma grande aposta pelos [&hellip;]<\/p>\n","protected":false},"author":96,"featured_media":133310,"comment_status":"closed","ping_status":"closed","sticky":false,"template":"","format":"standard","meta":{"footnotes":""},"categories":[257,439],"tags":[],"class_list":["post-133308","post","type-post","status-publish","format-standard","has-post-thumbnail","hentry","category-esporte","category-ultima-hora"],"_links":{"self":[{"href":"https:\/\/diarioregionaldigital.com.br\/index.php?rest_route=\/wp\/v2\/posts\/133308","targetHints":{"allow":["GET"]}}],"collection":[{"href":"https:\/\/diarioregionaldigital.com.br\/index.php?rest_route=\/wp\/v2\/posts"}],"about":[{"href":"https:\/\/diarioregionaldigital.com.br\/index.php?rest_route=\/wp\/v2\/types\/post"}],"author":[{"embeddable":true,"href":"https:\/\/diarioregionaldigital.com.br\/index.php?rest_route=\/wp\/v2\/users\/96"}],"replies":[{"embeddable":true,"href":"https:\/\/diarioregionaldigital.com.br\/index.php?rest_route=%2Fwp%2Fv2%2Fcomments&post=133308"}],"version-history":[{"count":0,"href":"https:\/\/diarioregionaldigital.com.br\/index.php?rest_route=\/wp\/v2\/posts\/133308\/revisions"}],"wp:featuredmedia":[{"embeddable":true,"href":"https:\/\/diarioregionaldigital.com.br\/index.php?rest_route=\/wp\/v2\/media\/133310"}],"wp:attachment":[{"href":"https:\/\/diarioregionaldigital.com.br\/index.php?rest_route=%2Fwp%2Fv2%2Fmedia&parent=133308"}],"wp:term":[{"taxonomy":"category","embeddable":true,"href":"https:\/\/diarioregionaldigital.com.br\/index.php?rest_route=%2Fwp%2Fv2%2Fcategories&post=133308"},{"taxonomy":"post_tag","embeddable":true,"href":"https:\/\/diarioregionaldigital.com.br\/index.php?rest_route=%2Fwp%2Fv2%2Ftags&post=133308"}],"curies":[{"name":"wp","href":"https:\/\/api.w.org\/{rel}","templated":true}]}}