{"id":133305,"date":"2019-02-07T11:57:01","date_gmt":"2019-02-07T13:57:01","guid":{"rendered":"https:\/\/diarioregionaldigital.com.br\/?p=133305"},"modified":"2019-02-07T11:57:01","modified_gmt":"2019-02-07T13:57:01","slug":"botafogo-vence-o-defensa-y-justicia-e-sai-em-vantagem-na-sul-americana","status":"publish","type":"post","link":"https:\/\/diarioregionaldigital.com.br\/?p=133305","title":{"rendered":"Botafogo vence o Defensa y Justicia e sai em vantagem na Sul-Americana"},"content":{"rendered":"<p>Com um gol marcado por Erik, nos acr\u00e9scimos, o Botafogo derrotou o Defensa Y Justicia, da Argentina, por 1 a 0, em partida disputada\u00a0 na noite desta quarta-feira, no est\u00e1dio Nilton Santos, na estreia das duas equipes na Copa Sul-Americana.<\/p>\n<p>O espet\u00e1culo foi muito prejudicado pela chuva forte que desabou na cidade do Rio de Janeiro. O gramado pesado impediu, principalmente, no primeiro tempo, que brasileiros e argentinos conseguissem apresentar um bom futebol. No segundo tempo, as condi\u00e7\u00f5es melhoraram e o Botafogo conseguiu a vit\u00f3ria no final da partida. Com o resultado, o Alvinegro ter\u00e1 a vantagem do empate, no jogo na Argentina, para se classificar.<\/p>\n<p>O resultado fez justi\u00e7a ao esp\u00edrito de luta demonstrado pelo Botafogo que enfrentou as condi\u00e7\u00f5es adversas do gramado para pressionar o advers\u00e1rio em busca da vit\u00f3ria.<\/p>\n<p>O atacante Kieza desperdi\u00e7ou algumas oportunidades claras de gol e acabou deixando o campo vaiado, mas a luta do time alvinegro acabou sendo premiada com o belo gol de Erik, quando a torcida j\u00e1 n\u00e3o acreditava mais na vit\u00f3ria.<\/p>\n<p>O Jogo \u2013\u00a0A partida come\u00e7ou sob chuva forte que dificultava as a\u00e7\u00f5es das duas equipes. Sem poder trocar passes, os jogadores apelavam para os chut\u00f5es para tentar chegar ao ataque. O Botafogo era um pouco mais agressivo e, aos nove minutos, Rodrigo Pimp\u00e3o tentou achar Kieza na \u00e1rea, mas o lan\u00e7amento encobriu o atacante alvinegro.<\/p>\n<p>O Defensa s\u00f3 chegou na \u00e1rea botafoguense aos 13 minutos em chute de Aliseda que desviou na zaga e saiu para escanteio.<\/p>\n<p>Pimp\u00e3o era a melhor op\u00e7\u00e3o ofensiva do time dirigido por Z\u00e9 Ricardo. Muito acionado, o jogador sempre levava vantagem sobre seus marcadores, mas seus cruzamentos n\u00e3o eram aproveitados pelos companheiros.<\/p>\n<p>A partida continuou truncada, principalmente por causa do gramado pesado que impedia que a bola rolasse normalmente. O Botafogo tentava chutar de longe como aconteceu com Alex Santana, aos 28 minutos, mas a bola encobriu o travess\u00e3o defendido por Unsain.Logo depois, o goleiro argentino fez grande defesa ao desviar para escanteio um chute de Marcinho.<\/p>\n<p>Aos 37 minutos, Kieza atrapalhou mais um ataque do Botafogo ao tirar a bola de Luiz Fernando que estava bem colocado na \u00e1rea e tentava finalizar o lan\u00e7amento de Erik.<\/p>\n<p>O Defensa seguia na sua postura inicial, mantendo apenas um atacante na frente e tentando bloquear as investidas da equipe de General Severiano. Ao final do primeiro tempo, a torcida do Botafogo aplaudiu o desempenho da equipe, hostilizando apenas o atacante Kieza pelas oportunidades desperdi\u00e7adas.<\/p>\n<p>A segunda etapa come\u00e7ou com o mesmo panorama do in\u00edcio. Muita marca\u00e7\u00e3o e pouca criatividade. A chuva deu uma tr\u00e9gua e o Botafogo tentava aproveitar a melhoria das condi\u00e7\u00f5es do gramado para imprimir um ritmo mais veloz \u00e0s suas a\u00e7\u00f5es, mas a marca\u00e7\u00e3o da equipe argentina continuava firme e permitindo poucas chances aos atacantes alvinegros.<\/p>\n<p>Aos 12 minutos, Alex Santana arriscou da entrada da \u00e1rea, mas a bola subiu demais.\u00a0Depois dos 20 minutos, o Defensa y Justicia passou a sair mais para o jogo, tentando envolver o advers\u00e1rio com toques, mas o Botafogo se defendia com efici\u00eancia.<\/p>\n<p>Aos 23 minutos, Pimp\u00e3o desarmou um advers\u00e1rio e cruzou para Kieza que tentou o chute para o gol, mas foi bloqueado pela zaga portenha. A resposta da equipe visitante foi fulminante. Fern\u00e1ndez se livrou de Jean e mandou a bomba, mas Gatito Fern\u00e2ndez fez grande defesa, evitando o primeiro gol do time argentino.<\/p>\n<p>Aos 30 minutos, o t\u00e9cnico Z\u00e9 Ricardo foi hostilizado pela torcida com gritos de \u201cburro\u201d quando chamou o volante Gustavo Bochecha para entrar na equipe no lugar de Luiz Fernando. Quem tamb\u00e9m saiu vaiado foi o atacante Kieza que deixou o time para a entrada de Leandro Carvalho<\/p>\n<p>Gustavo Ferrareis entrou na vaga de Rodrigo Pimp\u00e3o e,na primeira jogada, bateu para o gol e a bola foi desviada por\u00a0 J\u00falio Gonz\u00e1lez. A torcida pediu p\u00eanalti porque a bola teria batido no bra\u00e7o do zagueiro, mas o \u00e1rbitro nada viu de irregular na jogada.<\/p>\n<p>Aos 48 minutos, o Botafogo marcou o gol da vit\u00f3ria. Lan\u00e7ado por Ferrareis, Erik driblou seu marcador e tocou com grande categoria para definir o resultado da partida.<\/p>\n<p><strong>FICHA T\u00c9CNICA:<br \/>\nBOTAFOGO-BRA 1 X 0 DEFENSA Y JUSTICIA-ARG<\/strong><\/p>\n<p>Local:\u00a0est\u00e1dio NIlton Santos, no Rio de Janeiro (RJ)<br \/>\nData:\u00a06 de fevereiro de 2019, quarta-feira<br \/>\nHora:\u00a021h30 (de Bras\u00edlia)<br \/>\n\u00c1rbitro:\u00a0Esteban Ostojich (URU)<br \/>\nAssistentes:\u00a0Miguel Nevas (URU) e Horacio Ferrero (URU)<br \/>\nCart\u00e3o Amarelo:\u00a0Marcinho, Luiz Fernando, Joel Carli(Bota); Barboza e Lisandro Martinez(Def)<br \/>\nGols:<br \/>\nBOTAFOGO:\u00a0Erik, aos 48 minutos do segundo tempo<br \/>\nBOTAFOGO:\u00a0Gatito Fern\u00e1ndez, Marcinho, Joel Carli, Gabriel e Jonathan; Jean, Alex Santana e Luiz Fernando(Gustavo Bochecha); Erik, Kieza(Leandro Carvalho) e Rodrigo Pimp\u00e3o(Gustavo Ferrareis)<br \/>\nT\u00e9cnico:\u00a0Z\u00e9 Ricardo<\/p>\n<p>DEFENSA Y JUSTICIA:\u00a0Unsain, Julio Gonz\u00e1lez, Barboza, Bareiro e Delgado; Blanco(Lisandro Martinez), Miranda, Rius e\u00a0 Alexis Castro(Matias Rojas); Fern\u00e1ndez(Fernando Marquez) e Aliseda<br \/>\nT\u00e9cnico:\u00a0Seb\u00e1tian Beccacece<\/p>\n<p><strong>Fonte: Gazeta Press<\/strong><\/p>\n","protected":false},"excerpt":{"rendered":"<p>Com um gol marcado por Erik, nos acr\u00e9scimos, o Botafogo derrotou o Defensa Y Justicia, da Argentina, por 1 a 0, em partida disputada\u00a0 na noite desta quarta-feira, no est\u00e1dio Nilton Santos, na estreia das duas equipes na Copa Sul-Americana. O espet\u00e1culo foi muito prejudicado pela chuva forte que desabou na cidade do Rio de [&hellip;]<\/p>\n","protected":false},"author":96,"featured_media":133306,"comment_status":"closed","ping_status":"closed","sticky":false,"template":"","format":"standard","meta":{"footnotes":""},"categories":[257,439],"tags":[],"class_list":["post-133305","post","type-post","status-publish","format-standard","has-post-thumbnail","hentry","category-esporte","category-ultima-hora"],"_links":{"self":[{"href":"https:\/\/diarioregionaldigital.com.br\/index.php?rest_route=\/wp\/v2\/posts\/133305","targetHints":{"allow":["GET"]}}],"collection":[{"href":"https:\/\/diarioregionaldigital.com.br\/index.php?rest_route=\/wp\/v2\/posts"}],"about":[{"href":"https:\/\/diarioregionaldigital.com.br\/index.php?rest_route=\/wp\/v2\/types\/post"}],"author":[{"embeddable":true,"href":"https:\/\/diarioregionaldigital.com.br\/index.php?rest_route=\/wp\/v2\/users\/96"}],"replies":[{"embeddable":true,"href":"https:\/\/diarioregionaldigital.com.br\/index.php?rest_route=%2Fwp%2Fv2%2Fcomments&post=133305"}],"version-history":[{"count":0,"href":"https:\/\/diarioregionaldigital.com.br\/index.php?rest_route=\/wp\/v2\/posts\/133305\/revisions"}],"wp:featuredmedia":[{"embeddable":true,"href":"https:\/\/diarioregionaldigital.com.br\/index.php?rest_route=\/wp\/v2\/media\/133306"}],"wp:attachment":[{"href":"https:\/\/diarioregionaldigital.com.br\/index.php?rest_route=%2Fwp%2Fv2%2Fmedia&parent=133305"}],"wp:term":[{"taxonomy":"category","embeddable":true,"href":"https:\/\/diarioregionaldigital.com.br\/index.php?rest_route=%2Fwp%2Fv2%2Fcategories&post=133305"},{"taxonomy":"post_tag","embeddable":true,"href":"https:\/\/diarioregionaldigital.com.br\/index.php?rest_route=%2Fwp%2Fv2%2Ftags&post=133305"}],"curies":[{"name":"wp","href":"https:\/\/api.w.org\/{rel}","templated":true}]}}