{"id":133302,"date":"2019-02-07T11:50:30","date_gmt":"2019-02-07T13:50:30","guid":{"rendered":"https:\/\/diarioregionaldigital.com.br\/?p=133302"},"modified":"2019-02-07T11:51:10","modified_gmt":"2019-02-07T13:51:10","slug":"sel-inicia-preparativos-para-realizacao-da-copa-jf-de-futebol-amador-2019","status":"publish","type":"post","link":"https:\/\/diarioregionaldigital.com.br\/?p=133302","title":{"rendered":"SEL inicia preparativos para realiza\u00e7\u00e3o da Copa JF de Futebol Amador 2019"},"content":{"rendered":"<p>A disputa da Copa Juiz de Fora de Futebol Amador 2019 contar\u00e1 com 99 equipes nas categorias adulto, veterano, master, supermaster, s\u00eanior e adulto feminino. O destaque fica para s\u00eanior e veterano, que tiveram aumento significativo de inscri\u00e7\u00f5es. Ap\u00f3s a entrega das fichas na segunda-feira, 4, os representantes das equipes participar\u00e3o agora dos congressos t\u00e9cnicos, nesta quarta-feira, 6, \u00e0s 18h30, para a categoria adulta, e na quinta, 7, \u00e0s 18h30, para as demais, no audit\u00f3rio da Secretaria de Esporte e Lazer (SEL), na Avenida Rui Barbosa, 530, Bairro Santa Terezinha.<\/p>\n<p>A primeira rodada ser\u00e1 no domingo, 17, a partir das 8 horas. Os jogos ser\u00e3o disputados aos domingos, nos campos das Caems (Comiss\u00e3o de Administra\u00e7\u00e3o de Espa\u00e7o Municipal) da cidade. As equipes que n\u00e3o forem eliminadas na competi\u00e7\u00e3o receber\u00e3o automaticamente fichas para participar da Copa Bahamas de Futebol, no segundo semestre.<\/p>\n<p>Para obter outras informa\u00e7\u00f5es sobre a Copa, acesse\u00a0www.copajf.com.br, ou ligue para 3690-7856.<\/p>\n<p><strong>Fonte: Assessoria\/SEL<\/strong><\/p>\n","protected":false},"excerpt":{"rendered":"<p>A disputa da Copa Juiz de Fora de Futebol Amador 2019 contar\u00e1 com 99 equipes nas categorias adulto, veterano, master, supermaster, s\u00eanior e adulto feminino. O destaque fica para s\u00eanior e veterano, que tiveram aumento significativo de inscri\u00e7\u00f5es. Ap\u00f3s a entrega das fichas na segunda-feira, 4, os representantes das equipes participar\u00e3o agora dos congressos t\u00e9cnicos, [&hellip;]<\/p>\n","protected":false},"author":96,"featured_media":133303,"comment_status":"closed","ping_status":"closed","sticky":false,"template":"","format":"standard","meta":{"footnotes":""},"categories":[257,439],"tags":[],"class_list":["post-133302","post","type-post","status-publish","format-standard","has-post-thumbnail","hentry","category-esporte","category-ultima-hora"],"_links":{"self":[{"href":"https:\/\/diarioregionaldigital.com.br\/index.php?rest_route=\/wp\/v2\/posts\/133302","targetHints":{"allow":["GET"]}}],"collection":[{"href":"https:\/\/diarioregionaldigital.com.br\/index.php?rest_route=\/wp\/v2\/posts"}],"about":[{"href":"https:\/\/diarioregionaldigital.com.br\/index.php?rest_route=\/wp\/v2\/types\/post"}],"author":[{"embeddable":true,"href":"https:\/\/diarioregionaldigital.com.br\/index.php?rest_route=\/wp\/v2\/users\/96"}],"replies":[{"embeddable":true,"href":"https:\/\/diarioregionaldigital.com.br\/index.php?rest_route=%2Fwp%2Fv2%2Fcomments&post=133302"}],"version-history":[{"count":0,"href":"https:\/\/diarioregionaldigital.com.br\/index.php?rest_route=\/wp\/v2\/posts\/133302\/revisions"}],"wp:featuredmedia":[{"embeddable":true,"href":"https:\/\/diarioregionaldigital.com.br\/index.php?rest_route=\/wp\/v2\/media\/133303"}],"wp:attachment":[{"href":"https:\/\/diarioregionaldigital.com.br\/index.php?rest_route=%2Fwp%2Fv2%2Fmedia&parent=133302"}],"wp:term":[{"taxonomy":"category","embeddable":true,"href":"https:\/\/diarioregionaldigital.com.br\/index.php?rest_route=%2Fwp%2Fv2%2Fcategories&post=133302"},{"taxonomy":"post_tag","embeddable":true,"href":"https:\/\/diarioregionaldigital.com.br\/index.php?rest_route=%2Fwp%2Fv2%2Ftags&post=133302"}],"curies":[{"name":"wp","href":"https:\/\/api.w.org\/{rel}","templated":true}]}}