{"id":133299,"date":"2019-02-07T11:46:02","date_gmt":"2019-02-07T13:46:02","guid":{"rendered":"https:\/\/diarioregionaldigital.com.br\/?p=133299"},"modified":"2019-02-07T11:46:02","modified_gmt":"2019-02-07T13:46:02","slug":"tupi-contrata-max-carrasco-ate-fim-da-serie-d-do-campeonato-brasileiro","status":"publish","type":"post","link":"https:\/\/diarioregionaldigital.com.br\/?p=133299","title":{"rendered":"Tupi contrata Max Carrasco at\u00e9 fim da S\u00e9rie D do Campeonato Brasileiro"},"content":{"rendered":"<p>O Tupi acertou com o volante Max Carrasco at\u00e9 o fim da S\u00e9rie D do Campeonato Brasileiro. O jogador de 34 anos j\u00e1 est\u00e1 com a delega\u00e7\u00e3o do Tupi.<\/p>\n<p>Max Carrasco estava no Bolamense, do Distrito Federal e teve passagens por Gr\u00eamio Barueri, Mar\u00edlia, Ferrovi\u00e1ria e Ipatinga, clube onde trabalhou com o diretor de futebol Nicanor Pires, que explicou o porqu\u00ea da aquisi\u00e7\u00e3o.<\/p>\n<p>\u201c\u00c9 um jogador que eu j\u00e1 conhe\u00e7o. Trabalhei com ele j\u00e1 e vimos que temos a necessidade de ter um jogador de mais pegada e experi\u00eancia ali no meio\u201d, destacou.<\/p>\n","protected":false},"excerpt":{"rendered":"<p>O Tupi acertou com o volante Max Carrasco at\u00e9 o fim da S\u00e9rie D do Campeonato Brasileiro. O jogador de 34 anos j\u00e1 est\u00e1 com a delega\u00e7\u00e3o do Tupi. Max Carrasco estava no Bolamense, do Distrito Federal e teve passagens por Gr\u00eamio Barueri, Mar\u00edlia, Ferrovi\u00e1ria e Ipatinga, clube onde trabalhou com o diretor de futebol [&hellip;]<\/p>\n","protected":false},"author":96,"featured_media":133300,"comment_status":"closed","ping_status":"closed","sticky":false,"template":"","format":"standard","meta":{"footnotes":""},"categories":[257,439],"tags":[],"class_list":["post-133299","post","type-post","status-publish","format-standard","has-post-thumbnail","hentry","category-esporte","category-ultima-hora"],"_links":{"self":[{"href":"https:\/\/diarioregionaldigital.com.br\/index.php?rest_route=\/wp\/v2\/posts\/133299","targetHints":{"allow":["GET"]}}],"collection":[{"href":"https:\/\/diarioregionaldigital.com.br\/index.php?rest_route=\/wp\/v2\/posts"}],"about":[{"href":"https:\/\/diarioregionaldigital.com.br\/index.php?rest_route=\/wp\/v2\/types\/post"}],"author":[{"embeddable":true,"href":"https:\/\/diarioregionaldigital.com.br\/index.php?rest_route=\/wp\/v2\/users\/96"}],"replies":[{"embeddable":true,"href":"https:\/\/diarioregionaldigital.com.br\/index.php?rest_route=%2Fwp%2Fv2%2Fcomments&post=133299"}],"version-history":[{"count":0,"href":"https:\/\/diarioregionaldigital.com.br\/index.php?rest_route=\/wp\/v2\/posts\/133299\/revisions"}],"wp:featuredmedia":[{"embeddable":true,"href":"https:\/\/diarioregionaldigital.com.br\/index.php?rest_route=\/wp\/v2\/media\/133300"}],"wp:attachment":[{"href":"https:\/\/diarioregionaldigital.com.br\/index.php?rest_route=%2Fwp%2Fv2%2Fmedia&parent=133299"}],"wp:term":[{"taxonomy":"category","embeddable":true,"href":"https:\/\/diarioregionaldigital.com.br\/index.php?rest_route=%2Fwp%2Fv2%2Fcategories&post=133299"},{"taxonomy":"post_tag","embeddable":true,"href":"https:\/\/diarioregionaldigital.com.br\/index.php?rest_route=%2Fwp%2Fv2%2Ftags&post=133299"}],"curies":[{"name":"wp","href":"https:\/\/api.w.org\/{rel}","templated":true}]}}