{"id":133293,"date":"2019-02-07T11:22:30","date_gmt":"2019-02-07T13:22:30","guid":{"rendered":"https:\/\/diarioregionaldigital.com.br\/?p=133293"},"modified":"2019-02-07T11:22:30","modified_gmt":"2019-02-07T13:22:30","slug":"primeiro-lote-de-inscricoes-para-corrida-do-laboratorio-cortes-villela-encerra-dia-10","status":"publish","type":"post","link":"https:\/\/diarioregionaldigital.com.br\/?p=133293","title":{"rendered":"Primeiro lote de inscri\u00e7\u00f5es para Corrida do Laborat\u00f3rio C\u00f4rtes Villela encerra dia 10"},"content":{"rendered":"<p>O primeiro lote de inscri\u00e7\u00f5es para a \u201c3\u00aa Corrida do Laborat\u00f3rio C\u00f4rtes Villela\u201d termina no domingo, 10. At\u00e9 l\u00e1, o valor \u00e9 de R$ 60, com kit (composto por camisa, chinelo e copo personalizados), e R$ 40, sem. Pessoas com mais de 60 anos t\u00eam desconto de 50%. A partir desta data, at\u00e9 17 de fevereiro, a inscri\u00e7\u00e3o com kit passa a ser R$ 80, e sem, R$ 60. A prova ter\u00e1 in\u00edcio \u00e0s 8 horas, na Via S\u00e3o Pedro \u2013 BR 440, com percursos de dez e cinco quil\u00f4metros.<\/p>\n<p>Esta etapa, primeira do \u201c33\u00ba Ranking de Corridas de Rua\u201d da Prefeitura de Juiz de Fora (PJF), ter\u00e1, ainda, a disputa infantil, \u00e0s 9h30, no mesmo dia. As inscri\u00e7\u00f5es podem ser realizadas no site &#8220;Corrid\u00e3o&#8221; \u2013\u00a0www.corridao.com.br, na loja All Sports (Rua S\u00e3o Jo\u00e3o, 386) e no Laborat\u00f3rio C\u00f4rtes Villela (avenidas Rio Branco, 2.406 e 2.891, e Presidente Costa e Silva, 1.610, Bairro S\u00e3o Pedro, e Rua Moraes e Castro, 297, Alto dos Passos). O ranking \u00e9 organizado pela Secretaria de Esporte e Lazer (SEL), da PJF, em parceria com empresas vencedoras de processo licitat\u00f3rio. Em 2019 ser\u00e3o 11 provas.<\/p>\n<p>As equipes que desejarem participar na primeira etapa precisam se cadastrar at\u00e9 20 de fevereiro na SEL (Avenida Rui Barbosa, 530, Bairro Santa Terezinha). O atendimento \u00e9 feito de segunda a sexta-feira, das 8 horas \u00e0s 11h30 e das 14 horas \u00e0s 17h30.<\/p>\n<p>Fonte: Assessoria\/SEL<\/p>\n","protected":false},"excerpt":{"rendered":"<p>O primeiro lote de inscri\u00e7\u00f5es para a \u201c3\u00aa Corrida do Laborat\u00f3rio C\u00f4rtes Villela\u201d termina no domingo, 10. At\u00e9 l\u00e1, o valor \u00e9 de R$ 60, com kit (composto por camisa, chinelo e copo personalizados), e R$ 40, sem. Pessoas com mais de 60 anos t\u00eam desconto de 50%. A partir desta data, at\u00e9 17 de [&hellip;]<\/p>\n","protected":false},"author":96,"featured_media":133294,"comment_status":"closed","ping_status":"closed","sticky":false,"template":"","format":"standard","meta":{"footnotes":""},"categories":[257,439],"tags":[],"class_list":["post-133293","post","type-post","status-publish","format-standard","has-post-thumbnail","hentry","category-esporte","category-ultima-hora"],"_links":{"self":[{"href":"https:\/\/diarioregionaldigital.com.br\/index.php?rest_route=\/wp\/v2\/posts\/133293","targetHints":{"allow":["GET"]}}],"collection":[{"href":"https:\/\/diarioregionaldigital.com.br\/index.php?rest_route=\/wp\/v2\/posts"}],"about":[{"href":"https:\/\/diarioregionaldigital.com.br\/index.php?rest_route=\/wp\/v2\/types\/post"}],"author":[{"embeddable":true,"href":"https:\/\/diarioregionaldigital.com.br\/index.php?rest_route=\/wp\/v2\/users\/96"}],"replies":[{"embeddable":true,"href":"https:\/\/diarioregionaldigital.com.br\/index.php?rest_route=%2Fwp%2Fv2%2Fcomments&post=133293"}],"version-history":[{"count":0,"href":"https:\/\/diarioregionaldigital.com.br\/index.php?rest_route=\/wp\/v2\/posts\/133293\/revisions"}],"wp:featuredmedia":[{"embeddable":true,"href":"https:\/\/diarioregionaldigital.com.br\/index.php?rest_route=\/wp\/v2\/media\/133294"}],"wp:attachment":[{"href":"https:\/\/diarioregionaldigital.com.br\/index.php?rest_route=%2Fwp%2Fv2%2Fmedia&parent=133293"}],"wp:term":[{"taxonomy":"category","embeddable":true,"href":"https:\/\/diarioregionaldigital.com.br\/index.php?rest_route=%2Fwp%2Fv2%2Fcategories&post=133293"},{"taxonomy":"post_tag","embeddable":true,"href":"https:\/\/diarioregionaldigital.com.br\/index.php?rest_route=%2Fwp%2Fv2%2Ftags&post=133293"}],"curies":[{"name":"wp","href":"https:\/\/api.w.org\/{rel}","templated":true}]}}