{"id":133290,"date":"2019-02-07T11:13:09","date_gmt":"2019-02-07T13:13:09","guid":{"rendered":"https:\/\/diarioregionaldigital.com.br\/?p=133290"},"modified":"2019-02-07T11:13:09","modified_gmt":"2019-02-07T13:13:09","slug":"vasco-arranca-empate-do-juazeirense-e-segue-na-copa-do-brasil","status":"publish","type":"post","link":"https:\/\/diarioregionaldigital.com.br\/?p=133290","title":{"rendered":"Vasco arranca empate do Juazeirense e segue na Copa do Brasil"},"content":{"rendered":"<p>O Vasco sofreu, mas se classificou para a segunda fase da Copa do Brasil. Nesta quarta-feira, os cruzmaltinos empataram por 2 a 2 com o Juazeirense-BA, no interior baiano.<\/p>\n<p>O Vasco foi melhor no primeiro tempo e foi para o intervalo a frente no placar ap\u00f3s gol de Yan Sasse. S\u00f3 que na etapa final, o Juazeirense melhorou e conseguiu o empate com Balotelli. A partida ficou interrompida por conta de uma queda de luz e ap\u00f3s o retorno, os donos da casa viraram com Nino Guerreiro. Quando parecia que os cruzmaltinos seriam eliminados, Maxi L\u00f3pez empatou e classificou a equipe.<\/p>\n<p>Na pr\u00f3xima fase, o Vasco espera o vencedor do duelo entre Serra-ES e Remo-PA, que se enfrentam na pr\u00f3xima semana, no Esp\u00edrito Santo.<\/p>\n<p>FICHA T\u00c9CNICA:<br \/>\nJUAZEIRENSE-BA 2 X 2 VASCO-RJ<\/p>\n<p>Local:\u00a0est\u00e1dio Adauto Moraes, em Juazeiro (BA)<br \/>\nData:\u00a06 de fevereiro de 2019, quarta-feira<br \/>\nHora:\u00a021h30 (de Bras\u00edlia)<br \/>\n\u00c1rbitro:\u00a0Rafael Traci (SP)<br \/>\nAssistentes:\u00a0Ivan Carlos Bohn (SP) e Jefferson Piva da SIlva (SP)<br \/>\nCart\u00f5es amarelos:\u00a0Em\u00edlio, Douglas, Maicon e Balotelli (Juazeirense); Bruno C\u00e9sar (Vasco)<br \/>\nGOLS<br \/>\nJUAZEIRENSE:\u00a0Balotelli, aos 5min do segundo tempo; Nino Guerreiro, aos 32min do segundo tempo<br \/>\nVASCO:\u00a0Yan Sasse. aos 13min do primeiro tempo; Maxi L\u00f3pez, aos 45min do segundo tempo<\/p>\n<p>JUAZEREINSE:\u00a0Douglas, Ewerton (Maicon), Emilio, Emerson e Wallace; Waguinho, Patrick e Rogerinho (Katt\u00ea); Hugo (Jac\u00f3), Nino Guerreiro e Baloteli<br \/>\nT\u00e9cnico:\u00a0Aroldo Moreira<\/p>\n<p>VASCO:\u00a0Fernando Miguel, C\u00e1ceres, Leandro Cast\u00e1n, Werley e Danilo Barcelos; Andrey (Ribamar), Lucas Mineiro, Yan Sasse (Yago Pikachu) e Bruno C\u00e9sar (Thiago Galhardo); Marrony e Maxi L\u00f3pez<br \/>\nT\u00e9cnico:\u00a0Alberto Valentim<\/p>\n<p>Fonte: Gazeta Press<\/p>\n","protected":false},"excerpt":{"rendered":"<p>O Vasco sofreu, mas se classificou para a segunda fase da Copa do Brasil. Nesta quarta-feira, os cruzmaltinos empataram por 2 a 2 com o Juazeirense-BA, no interior baiano. O Vasco foi melhor no primeiro tempo e foi para o intervalo a frente no placar ap\u00f3s gol de Yan Sasse. S\u00f3 que na etapa final, [&hellip;]<\/p>\n","protected":false},"author":96,"featured_media":133291,"comment_status":"closed","ping_status":"closed","sticky":false,"template":"","format":"standard","meta":{"footnotes":""},"categories":[257,439],"tags":[],"class_list":["post-133290","post","type-post","status-publish","format-standard","has-post-thumbnail","hentry","category-esporte","category-ultima-hora"],"_links":{"self":[{"href":"https:\/\/diarioregionaldigital.com.br\/index.php?rest_route=\/wp\/v2\/posts\/133290","targetHints":{"allow":["GET"]}}],"collection":[{"href":"https:\/\/diarioregionaldigital.com.br\/index.php?rest_route=\/wp\/v2\/posts"}],"about":[{"href":"https:\/\/diarioregionaldigital.com.br\/index.php?rest_route=\/wp\/v2\/types\/post"}],"author":[{"embeddable":true,"href":"https:\/\/diarioregionaldigital.com.br\/index.php?rest_route=\/wp\/v2\/users\/96"}],"replies":[{"embeddable":true,"href":"https:\/\/diarioregionaldigital.com.br\/index.php?rest_route=%2Fwp%2Fv2%2Fcomments&post=133290"}],"version-history":[{"count":0,"href":"https:\/\/diarioregionaldigital.com.br\/index.php?rest_route=\/wp\/v2\/posts\/133290\/revisions"}],"wp:featuredmedia":[{"embeddable":true,"href":"https:\/\/diarioregionaldigital.com.br\/index.php?rest_route=\/wp\/v2\/media\/133291"}],"wp:attachment":[{"href":"https:\/\/diarioregionaldigital.com.br\/index.php?rest_route=%2Fwp%2Fv2%2Fmedia&parent=133290"}],"wp:term":[{"taxonomy":"category","embeddable":true,"href":"https:\/\/diarioregionaldigital.com.br\/index.php?rest_route=%2Fwp%2Fv2%2Fcategories&post=133290"},{"taxonomy":"post_tag","embeddable":true,"href":"https:\/\/diarioregionaldigital.com.br\/index.php?rest_route=%2Fwp%2Fv2%2Ftags&post=133290"}],"curies":[{"name":"wp","href":"https:\/\/api.w.org\/{rel}","templated":true}]}}