{"id":133275,"date":"2019-02-06T21:09:03","date_gmt":"2019-02-06T23:09:03","guid":{"rendered":"https:\/\/diarioregionaldigital.com.br\/?p=133275"},"modified":"2019-02-06T21:09:03","modified_gmt":"2019-02-06T23:09:03","slug":"comissao-externa-da-camara-fara-visita-tecnica-a-brumadinho-nesta-sexta-feira","status":"publish","type":"post","link":"https:\/\/diarioregionaldigital.com.br\/?p=133275","title":{"rendered":"Comiss\u00e3o externa da C\u00e2mara far\u00e1 visita t\u00e9cnica a Brumadinho nesta sexta-feira"},"content":{"rendered":"<p>A comiss\u00e3o externa da C\u00e2mara dos Deputados criada para acompanhar os desdobramentos do rompimento da barragem da mineradora Vale em Brumadinho (MG) visitar\u00e1 a cidade mineira na sexta-feira, 8. O colegiado, composto por 15 parlamentares, vai inspecionar o local do rompimento da Barragem 1 da Mina do C\u00f3rrego do Feij\u00e3o.<\/p>\n<p>\u201cN\u00f3s estaremos l\u00e1 junto com o comit\u00ea de crise, bombeiros, Pol\u00edcia Civil, Minist\u00e9rio P\u00fablico estadual e federal e os parlamentares de Minas. L\u00e1, contatamos a prefeitura, a C\u00e2mara Municipal e as pessoas que foram atingidas. Ser\u00e1 uma visita\u00a0<em>in loco\u00a0<\/em>para abrir as portas da comiss\u00e3o para receber propostas, por exemplo, que o Minist\u00e9rio P\u00fablico tem em rela\u00e7\u00e3o \u00e0 legisla\u00e7\u00e3o\u201d, disse o coordenador da comiss\u00e3o, deputado Z\u00e9 Silva (SD-MG).<\/p>\n<p>O parlamentar apresentou uma proposta de plano de trabalho do colegiado. Os deputados voltam a se reunir na pr\u00f3xima ter\u00e7a-feira, 12, para aprovar o documento.<\/p>\n<p>\u201cNosso objetivo \u00e9 rever a legisla\u00e7\u00e3o existente no Brasil e as que est\u00e3o em tramita\u00e7\u00e3o e propor um novo arcabou\u00e7o legal para evitar que trag\u00e9dias como essa voltem a acontecer\u201d, disse o deputado, em alus\u00e3o \u00e0 legisla\u00e7\u00e3o referente \u00e0s barragens e \u00e0 preven\u00e7\u00e3o de desastres.<\/p>\n<p>O n\u00famero de mortos ap\u00f3s o rompimento da barragem\u00a0<a href=\"http:\/\/agenciabrasil.ebc.com.br\/geral\/noticia\/2019-02\/numero-de-mortos-em-brumadinho-chega-150-182-estao-desaparecidos\" target=\"_blank\" rel=\"noopener\">subiu para 150<\/a>, conforme balan\u00e7o divulgado hoje pela Defesa Civil do estado. Desse total, 134 v\u00edtimas foram identificadas e 16 permanecem sem identifica\u00e7\u00e3o at\u00e9 o momento.<\/p>\n<p>Ainda de acordo com a atualiza\u00e7\u00e3o, 182 pessoas continuam desaparecidas, sendo 55 funcion\u00e1rios da Vale e 127 terceirizados e membros da comunidade. A trag\u00e9dia deixou, ao todo, 103 desabrigados. Tr\u00eas pessoas permanecem hospitalizadas.<\/p>\n<p>&nbsp;<\/p>\n<p>Fonte: Ag\u00eancia Brasil<\/p>\n","protected":false},"excerpt":{"rendered":"<p>A comiss\u00e3o externa da C\u00e2mara dos Deputados criada para acompanhar os desdobramentos do rompimento da barragem da mineradora Vale em Brumadinho (MG) visitar\u00e1 a cidade mineira na sexta-feira, 8. O colegiado, composto por 15 parlamentares, vai inspecionar o local do rompimento da Barragem 1 da Mina do C\u00f3rrego do Feij\u00e3o. \u201cN\u00f3s estaremos l\u00e1 junto com [&hellip;]<\/p>\n","protected":false},"author":96,"featured_media":133276,"comment_status":"closed","ping_status":"closed","sticky":false,"template":"","format":"standard","meta":{"footnotes":""},"categories":[440,252,439],"tags":[],"class_list":["post-133275","post","type-post","status-publish","format-standard","has-post-thumbnail","hentry","category-destaques-do-dia","category-regiao","category-ultima-hora"],"_links":{"self":[{"href":"https:\/\/diarioregionaldigital.com.br\/index.php?rest_route=\/wp\/v2\/posts\/133275","targetHints":{"allow":["GET"]}}],"collection":[{"href":"https:\/\/diarioregionaldigital.com.br\/index.php?rest_route=\/wp\/v2\/posts"}],"about":[{"href":"https:\/\/diarioregionaldigital.com.br\/index.php?rest_route=\/wp\/v2\/types\/post"}],"author":[{"embeddable":true,"href":"https:\/\/diarioregionaldigital.com.br\/index.php?rest_route=\/wp\/v2\/users\/96"}],"replies":[{"embeddable":true,"href":"https:\/\/diarioregionaldigital.com.br\/index.php?rest_route=%2Fwp%2Fv2%2Fcomments&post=133275"}],"version-history":[{"count":0,"href":"https:\/\/diarioregionaldigital.com.br\/index.php?rest_route=\/wp\/v2\/posts\/133275\/revisions"}],"wp:featuredmedia":[{"embeddable":true,"href":"https:\/\/diarioregionaldigital.com.br\/index.php?rest_route=\/wp\/v2\/media\/133276"}],"wp:attachment":[{"href":"https:\/\/diarioregionaldigital.com.br\/index.php?rest_route=%2Fwp%2Fv2%2Fmedia&parent=133275"}],"wp:term":[{"taxonomy":"category","embeddable":true,"href":"https:\/\/diarioregionaldigital.com.br\/index.php?rest_route=%2Fwp%2Fv2%2Fcategories&post=133275"},{"taxonomy":"post_tag","embeddable":true,"href":"https:\/\/diarioregionaldigital.com.br\/index.php?rest_route=%2Fwp%2Fv2%2Ftags&post=133275"}],"curies":[{"name":"wp","href":"https:\/\/api.w.org\/{rel}","templated":true}]}}