{"id":133268,"date":"2019-02-06T19:18:05","date_gmt":"2019-02-06T21:18:05","guid":{"rendered":"https:\/\/diarioregionaldigital.com.br\/?p=133268"},"modified":"2019-02-06T19:19:08","modified_gmt":"2019-02-06T21:19:08","slug":"suspeito-de-envolvimento-em-crimes-em-uba-e-preso-no-rio-de-janeiro","status":"publish","type":"post","link":"https:\/\/diarioregionaldigital.com.br\/?p=133268","title":{"rendered":"Suspeito de envolvimento em crimes em Ub\u00e1 \u00e9 preso no Rio de Janeiro"},"content":{"rendered":"<p>Ap\u00f3s tr\u00eas dias de investiga\u00e7\u00f5es realizadas entre a Pol\u00edcia Civil de Minas Gerais e a Pol\u00edcia Civil do Rio de Janeiro, um homem de 26 anos, suspeito de ter cometido v\u00e1rios crimes em Ub\u00e1, foi preso no munic\u00edpio de Cabo Frio\/RJ, nessa quarta-feira, 6.<\/p>\n<p>Conforme o Titular da Delegacia Antidrogas e Homic\u00eddios de Ub\u00e1, Delegado Alexandrino Rosa de Souza, a troca de informa\u00e7\u00f5es sobre as investiga\u00e7\u00f5es das equipes da Delegacia Antidrogas e Homic\u00eddios e de Intelig\u00eancia da 2\u00aa Delegacia Regional de Ub\u00e1 com a Pol\u00edcia Civil do Estado do Rio de Janeiro, possibilitaram que a pris\u00e3o do indiv\u00edduo fosse efetuada. \u201cA equipe do Rio de Janeiro capturou o suspeito no bairro Jardim Esperan\u00e7a e ele tentou ofereceu uma vantagem financeira no valor de R$20 mil aos policiais civis, por isso, ele foi preso em flagrante por corrup\u00e7\u00e3o ativa\u201d, disse.<\/p>\n<p>De acordo com as informa\u00e7\u00f5es, o homem foi apontado como o \u201cchefe da boca do Bairro S\u00e3o Domingo\u201d. Ainda segundo o delegado, havia seis mandados de pris\u00e3o em desfavor desse homem, sendo dois por tentativa de homic\u00eddio, dois por homic\u00eddio consumado e um relacionado ao tr\u00e1fico de drogas. \u201cAl\u00e9m disso, ele tamb\u00e9m tem feito amea\u00e7as contra agentes de seguran\u00e7a\u201d, disse.<\/p>\n<p>O Delegado ainda informou que, a princ\u00edpio, em virtude do flagrante, o suspeito foi conduzido \u00e0 unidade prisional do Rio de Janeiro.<\/p>\n","protected":false},"excerpt":{"rendered":"<p>Ap\u00f3s tr\u00eas dias de investiga\u00e7\u00f5es realizadas entre a Pol\u00edcia Civil de Minas Gerais e a Pol\u00edcia Civil do Rio de Janeiro, um homem de 26 anos, suspeito de ter cometido v\u00e1rios crimes em Ub\u00e1, foi preso no munic\u00edpio de Cabo Frio\/RJ, nessa quarta-feira, 6. Conforme o Titular da Delegacia Antidrogas e Homic\u00eddios de Ub\u00e1, Delegado [&hellip;]<\/p>\n","protected":false},"author":96,"featured_media":95105,"comment_status":"closed","ping_status":"closed","sticky":false,"template":"","format":"standard","meta":{"footnotes":""},"categories":[436,252,439],"tags":[],"class_list":["post-133268","post","type-post","status-publish","format-standard","has-post-thumbnail","hentry","category-destaque-da-semana","category-regiao","category-ultima-hora"],"_links":{"self":[{"href":"https:\/\/diarioregionaldigital.com.br\/index.php?rest_route=\/wp\/v2\/posts\/133268","targetHints":{"allow":["GET"]}}],"collection":[{"href":"https:\/\/diarioregionaldigital.com.br\/index.php?rest_route=\/wp\/v2\/posts"}],"about":[{"href":"https:\/\/diarioregionaldigital.com.br\/index.php?rest_route=\/wp\/v2\/types\/post"}],"author":[{"embeddable":true,"href":"https:\/\/diarioregionaldigital.com.br\/index.php?rest_route=\/wp\/v2\/users\/96"}],"replies":[{"embeddable":true,"href":"https:\/\/diarioregionaldigital.com.br\/index.php?rest_route=%2Fwp%2Fv2%2Fcomments&post=133268"}],"version-history":[{"count":0,"href":"https:\/\/diarioregionaldigital.com.br\/index.php?rest_route=\/wp\/v2\/posts\/133268\/revisions"}],"wp:featuredmedia":[{"embeddable":true,"href":"https:\/\/diarioregionaldigital.com.br\/index.php?rest_route=\/wp\/v2\/media\/95105"}],"wp:attachment":[{"href":"https:\/\/diarioregionaldigital.com.br\/index.php?rest_route=%2Fwp%2Fv2%2Fmedia&parent=133268"}],"wp:term":[{"taxonomy":"category","embeddable":true,"href":"https:\/\/diarioregionaldigital.com.br\/index.php?rest_route=%2Fwp%2Fv2%2Fcategories&post=133268"},{"taxonomy":"post_tag","embeddable":true,"href":"https:\/\/diarioregionaldigital.com.br\/index.php?rest_route=%2Fwp%2Fv2%2Ftags&post=133268"}],"curies":[{"name":"wp","href":"https:\/\/api.w.org\/{rel}","templated":true}]}}