{"id":133258,"date":"2019-02-06T18:27:16","date_gmt":"2019-02-06T20:27:16","guid":{"rendered":"https:\/\/diarioregionaldigital.com.br\/?p=133258"},"modified":"2019-02-06T18:27:16","modified_gmt":"2019-02-06T20:27:16","slug":"operacao-guarda-comunitaria-prende-dois-jovens-por-trafico-de-drogas","status":"publish","type":"post","link":"https:\/\/diarioregionaldigital.com.br\/?p=133258","title":{"rendered":"Opera\u00e7\u00e3o \u201cGuarda Comunit\u00e1ria\u201d prende dois jovens por tr\u00e1fico de drogas"},"content":{"rendered":"<p>A Guarda Municipal (GM) de Juiz de Fora segue com a opera\u00e7\u00e3o \u201cGuarda Comunit\u00e1ria\u201d, que deu inicio a um patrulhamento exclusivo neste per\u00edodo de volta \u00e0s aulas. Abordagens preventivas s\u00e3o realizadas no Parque Halfeld, regi\u00e3o Central de Juiz de Fora, local de grande circula\u00e7\u00e3o de jovens. A opera\u00e7\u00e3o, que refor\u00e7a a presen\u00e7a de agentes da GM nas ruas, tem como objetivo ampliar a sensa\u00e7\u00e3o de seguran\u00e7a nas \u00e1reas p\u00fablicas e garantir o direito do cidad\u00e3o de fazer uso destes espa\u00e7os.<\/p>\n<p>Nesta quarta-feira, 6, no segundo dia de opera\u00e7\u00e3o, a seguran\u00e7a no Parque Halfeld, regi\u00e3o Central da cidade, foi intensificada e durante patrulhamento os agentes da GM identificaram dois rapazes, 20 e 22 anos, com comportamento suspeito e realizaram a abordagem rotineira. Com eles foram encontrados o drogas e dinheiro, o que contribui para a configura\u00e7\u00e3o do crime.<\/p>\n<div style=\"width: 595px\" class=\"wp-caption alignnone\"><img loading=\"lazy\" decoding=\"async\" src=\"http:\/\/webmail.x6web.com\/?\/Raw\/View\/39\/BrDNRP69elM_3e6qGj0mIuxWEEr6IK2586tvKC6BuGYNi89khfwOQpMYeGJxPXkFBdz5dCMOD0hUDVrYw-YfSyOLbhLWAyxM_5U0M_1BdI_MEbFE1_hnoIlDekU334KKIqH_6uHldBWmJXCCjbxJpjBDmVgWn1fTpMnL3e1OzzKLk3ivEZraj3eZP5YiMk_lrI-d1otWXBHovjLxtQvej3rr_iSnf9m_1_dDkngRSitIAqVvosqAzKI-Y7Flt7QyqKwGMQ..\/0\" alt=\"\" width=\"585\" height=\"1040\" \/><p class=\"wp-caption-text\">Os dois rapazes possuem passagem pela pol\u00edcia, Foto: Divulga\u00e7\u00e3o<\/p><\/div>\n<p>Os jovens possuem passagem pela pol\u00edcia e foram presos em flagrante. A abordagem contou com a participa\u00e7\u00e3o de sete guardas. Segundo informa\u00e7\u00f5es, um dos envolvidos tentou resistir \u00e0 pris\u00e3o e os agentes precisaram aplicar t\u00e9cnicas de imobiliza\u00e7\u00e3o. Os dois foram encaminhados \u00e0 Delegacia Regional de Pol\u00edcia Civil, que fica localizada no bairro Santa Terezinha.<\/p>\n<p>A iniciativa faz parte de um pacote de medidas elaborado pela Secretaria de Seguran\u00e7a Urbana e Cidadania (Sesuc) da Prefeitura de Juiz de Fora (PJF), que pretende reformular e fortalecer o modo de atua\u00e7\u00e3o da Guarda Municipal. Essa \u00e9 a quarta pris\u00e3o realizada no Parque Halfeld desde o in\u00edcio do ano.<\/p>\n","protected":false},"excerpt":{"rendered":"<p>A Guarda Municipal (GM) de Juiz de Fora segue com a opera\u00e7\u00e3o \u201cGuarda Comunit\u00e1ria\u201d, que deu inicio a um patrulhamento exclusivo neste per\u00edodo de volta \u00e0s aulas. Abordagens preventivas s\u00e3o realizadas no Parque Halfeld, regi\u00e3o Central de Juiz de Fora, local de grande circula\u00e7\u00e3o de jovens. A opera\u00e7\u00e3o, que refor\u00e7a a presen\u00e7a de agentes da [&hellip;]<\/p>\n","protected":false},"author":96,"featured_media":133260,"comment_status":"closed","ping_status":"closed","sticky":false,"template":"","format":"standard","meta":{"footnotes":""},"categories":[253,436,439],"tags":[],"class_list":["post-133258","post","type-post","status-publish","format-standard","has-post-thumbnail","hentry","category-cidade","category-destaque-da-semana","category-ultima-hora"],"_links":{"self":[{"href":"https:\/\/diarioregionaldigital.com.br\/index.php?rest_route=\/wp\/v2\/posts\/133258","targetHints":{"allow":["GET"]}}],"collection":[{"href":"https:\/\/diarioregionaldigital.com.br\/index.php?rest_route=\/wp\/v2\/posts"}],"about":[{"href":"https:\/\/diarioregionaldigital.com.br\/index.php?rest_route=\/wp\/v2\/types\/post"}],"author":[{"embeddable":true,"href":"https:\/\/diarioregionaldigital.com.br\/index.php?rest_route=\/wp\/v2\/users\/96"}],"replies":[{"embeddable":true,"href":"https:\/\/diarioregionaldigital.com.br\/index.php?rest_route=%2Fwp%2Fv2%2Fcomments&post=133258"}],"version-history":[{"count":0,"href":"https:\/\/diarioregionaldigital.com.br\/index.php?rest_route=\/wp\/v2\/posts\/133258\/revisions"}],"wp:featuredmedia":[{"embeddable":true,"href":"https:\/\/diarioregionaldigital.com.br\/index.php?rest_route=\/wp\/v2\/media\/133260"}],"wp:attachment":[{"href":"https:\/\/diarioregionaldigital.com.br\/index.php?rest_route=%2Fwp%2Fv2%2Fmedia&parent=133258"}],"wp:term":[{"taxonomy":"category","embeddable":true,"href":"https:\/\/diarioregionaldigital.com.br\/index.php?rest_route=%2Fwp%2Fv2%2Fcategories&post=133258"},{"taxonomy":"post_tag","embeddable":true,"href":"https:\/\/diarioregionaldigital.com.br\/index.php?rest_route=%2Fwp%2Fv2%2Ftags&post=133258"}],"curies":[{"name":"wp","href":"https:\/\/api.w.org\/{rel}","templated":true}]}}