{"id":133256,"date":"2019-02-07T06:00:18","date_gmt":"2019-02-07T08:00:18","guid":{"rendered":"https:\/\/diarioregionaldigital.com.br\/?p=133256"},"modified":"2019-02-06T21:40:49","modified_gmt":"2019-02-06T23:40:49","slug":"aplausos-4","status":"publish","type":"post","link":"https:\/\/diarioregionaldigital.com.br\/?p=133256","title":{"rendered":"Aplausos"},"content":{"rendered":"<p style=\"text-align: center;\"><strong>Anima\u00e7\u00e3o<\/strong><\/p>\n<p style=\"text-align: center;\">Com pegada ver\u00e3o o Mr.Tugas inicia hoje, 7, at\u00e9 o dia 10 com clima de pr\u00e9-carnaval. Estar\u00e3o no palco: Alessandra Crispin, Samba a La Carte, Guerreiras de Clara e Grupo Alquimia, Samba do Miranda e Sambatuck, com Mestre Toddynho. Muita gente bonita, cerveja artesanal, espumante e pizzas dar\u00e3o o tom da folia.<\/p>\n<p style=\"text-align: center;\"><strong>Sucesso Total<\/strong><\/p>\n<p style=\"text-align: center;\">Ser\u00e1 no dia 23 de fevereiro o festival de chopp do Bloco Eu e Voc\u00ea agitando o bairro Vitorino Braga. Com confete e serpentinas ter\u00e1 a presen\u00e7a da Banda Daki na homenagem ao \u201cEterno Rei Momo\u201d, Carlos Guedes. Ingressos na loja Z\u00e9 Kodak.<\/p>\n<p style=\"text-align: center;\"><strong>Pr\u00e9<\/strong><\/p>\n<p style=\"text-align: center;\">Em ritmo de folia e dando sequ\u00eancia aos seus j\u00e1 esperados ensaios abertos, o bloco Parangol\u00e9 Valvulado segue a temporada na Cervejaria Golem. Marcando para 16 de fevereiro o festejo movido a frevo. Tem como carro-chefe os enredos passados do repert\u00f3rio que coloca a galera para dan\u00e7ar. Para animar rangos diversos e cerveja gelada.<\/p>\n<p style=\"text-align: center;\"><strong>Aplausos<\/strong><\/p>\n<p style=\"text-align: center;\">O casar\u00e3o onde funciona o Forum da Cultura da UFJF viveu noite de gala para a comemora\u00e7\u00e3o de seus cem anos. Houve homenagem para o reitor da UFJF, Marcus David, o ex-diretor do Forum da Cultura, Jos\u00e9 Luis Ribeiro, al\u00e9m dos reitores (In memoriam) Gilson Salom\u00e3o e Michel Bechara. Finalizando, o pianista Bernado Rodrigues tocou \u201cPas des \u00e9charpes\u201d, de Chaminade.<\/p>\n<p style=\"text-align: center;\"><strong>Glamour<\/strong><\/p>\n<p style=\"text-align: center;\">Linda e loura, a atriz D\u00e9bora Secco ser\u00e1 Rainha 2019 do Baile do Copacabana Palace (Rio), cujo tema \u00e9 \u2018Dolce Carnevale\u2019, inspirado no design, na moda e na gastronomia da It\u00e1lia. A festa momesca acontece no s\u00e1bado de carnaval e a decora\u00e7\u00e3o ser\u00e1 bel\u00edssima nas cores verde, branco e vermelha. Detalhe: convite car\u00edssimo.<\/p>\n<p style=\"text-align: center;\"><strong>Sou Feminina<\/strong><\/p>\n<p style=\"text-align: center;\">Din\u00e2mica e atuante, a consultora em sa\u00fade, Luana Lima, promove dia 13 de fevereiro, no Le Quartier Granbery, roda de bate-papos sobre qualidade de vida pessoal e sexual.<\/p>\n<div id=\"attachment_133246\" style=\"width: 690px\" class=\"wp-caption aligncenter\"><img loading=\"lazy\" decoding=\"async\" aria-describedby=\"caption-attachment-133246\" class=\"wp-image-133246\" src=\"https:\/\/diarioregionaldigital.com.br\/wp-content\/uploads\/2019\/02\/fotoa-2-e1549483774578.jpg\" alt=\"\" width=\"680\" height=\"801\" srcset=\"https:\/\/diarioregionaldigital.com.br\/wp-content\/uploads\/2019\/02\/fotoa-2-e1549483774578.jpg 1164w, https:\/\/diarioregionaldigital.com.br\/wp-content\/uploads\/2019\/02\/fotoa-2-e1549483774578-255x300.jpg 255w, https:\/\/diarioregionaldigital.com.br\/wp-content\/uploads\/2019\/02\/fotoa-2-e1549483774578-768x905.jpg 768w, https:\/\/diarioregionaldigital.com.br\/wp-content\/uploads\/2019\/02\/fotoa-2-e1549483774578-869x1024.jpg 869w, https:\/\/diarioregionaldigital.com.br\/wp-content\/uploads\/2019\/02\/fotoa-2-e1549483774578-360x424.jpg 360w\" sizes=\"auto, (max-width: 680px) 100vw, 680px\" \/><p id=\"caption-attachment-133246\" class=\"wp-caption-text\">Aniversariando nesta 5\u00aa feira, 7, o cabeleireiro das estrelas, Rosenberg Frizeiro<\/p><\/div>\n<div id=\"attachment_133247\" style=\"width: 690px\" class=\"wp-caption aligncenter\"><img loading=\"lazy\" decoding=\"async\" aria-describedby=\"caption-attachment-133247\" class=\"wp-image-133247\" src=\"https:\/\/diarioregionaldigital.com.br\/wp-content\/uploads\/2019\/02\/fotoaa-e1549483808824.jpg\" alt=\"\" width=\"680\" height=\"512\" srcset=\"https:\/\/diarioregionaldigital.com.br\/wp-content\/uploads\/2019\/02\/fotoaa-e1549483808824.jpg 888w, https:\/\/diarioregionaldigital.com.br\/wp-content\/uploads\/2019\/02\/fotoaa-e1549483808824-300x226.jpg 300w, https:\/\/diarioregionaldigital.com.br\/wp-content\/uploads\/2019\/02\/fotoaa-e1549483808824-768x579.jpg 768w, https:\/\/diarioregionaldigital.com.br\/wp-content\/uploads\/2019\/02\/fotoaa-e1549483808824-360x271.jpg 360w\" sizes=\"auto, (max-width: 680px) 100vw, 680px\" \/><p id=\"caption-attachment-133247\" class=\"wp-caption-text\">Renato Neves est\u00e1 em cruzeiro em Balne\u00e1rio Cambori\u00fa<\/p><\/div>\n<div id=\"attachment_133248\" style=\"width: 690px\" class=\"wp-caption aligncenter\"><img loading=\"lazy\" decoding=\"async\" aria-describedby=\"caption-attachment-133248\" class=\"wp-image-133248\" src=\"https:\/\/diarioregionaldigital.com.br\/wp-content\/uploads\/2019\/02\/fotob-2-e1549483837219.jpg\" alt=\"\" width=\"680\" height=\"522\" srcset=\"https:\/\/diarioregionaldigital.com.br\/wp-content\/uploads\/2019\/02\/fotob-2-e1549483837219.jpg 1172w, https:\/\/diarioregionaldigital.com.br\/wp-content\/uploads\/2019\/02\/fotob-2-e1549483837219-300x230.jpg 300w, https:\/\/diarioregionaldigital.com.br\/wp-content\/uploads\/2019\/02\/fotob-2-e1549483837219-768x590.jpg 768w, https:\/\/diarioregionaldigital.com.br\/wp-content\/uploads\/2019\/02\/fotob-2-e1549483837219-1024x786.jpg 1024w, https:\/\/diarioregionaldigital.com.br\/wp-content\/uploads\/2019\/02\/fotob-2-e1549483837219-360x276.jpg 360w\" sizes=\"auto, (max-width: 680px) 100vw, 680px\" \/><p id=\"caption-attachment-133248\" class=\"wp-caption-text\">No Sal\u00e3o MS, Carlos Badico e as p\u00e9rolas negras Gilmara do Nascimento e Roberta Cristina<\/p><\/div>\n<div id=\"attachment_133249\" style=\"width: 690px\" class=\"wp-caption aligncenter\"><img loading=\"lazy\" decoding=\"async\" aria-describedby=\"caption-attachment-133249\" class=\"wp-image-133249\" src=\"https:\/\/diarioregionaldigital.com.br\/wp-content\/uploads\/2019\/02\/fotoc-2-e1549483867272.jpg\" alt=\"\" width=\"680\" height=\"520\" srcset=\"https:\/\/diarioregionaldigital.com.br\/wp-content\/uploads\/2019\/02\/fotoc-2-e1549483867272.jpg 1176w, https:\/\/diarioregionaldigital.com.br\/wp-content\/uploads\/2019\/02\/fotoc-2-e1549483867272-300x229.jpg 300w, https:\/\/diarioregionaldigital.com.br\/wp-content\/uploads\/2019\/02\/fotoc-2-e1549483867272-768x587.jpg 768w, https:\/\/diarioregionaldigital.com.br\/wp-content\/uploads\/2019\/02\/fotoc-2-e1549483867272-1024x783.jpg 1024w, https:\/\/diarioregionaldigital.com.br\/wp-content\/uploads\/2019\/02\/fotoc-2-e1549483867272-360x275.jpg 360w\" sizes=\"auto, (max-width: 680px) 100vw, 680px\" \/><p id=\"caption-attachment-133249\" class=\"wp-caption-text\">No S\u00e3o Bartolomeu curtindo a cerveja do ver\u00e3o o din\u00e2mico Germano Antinareli<\/p><\/div>\n<div id=\"attachment_133250\" style=\"width: 690px\" class=\"wp-caption aligncenter\"><img loading=\"lazy\" decoding=\"async\" aria-describedby=\"caption-attachment-133250\" class=\"wp-image-133250\" src=\"https:\/\/diarioregionaldigital.com.br\/wp-content\/uploads\/2019\/02\/fotod-2-e1549483893243.jpg\" alt=\"\" width=\"680\" height=\"573\" srcset=\"https:\/\/diarioregionaldigital.com.br\/wp-content\/uploads\/2019\/02\/fotod-2-e1549483893243.jpg 959w, https:\/\/diarioregionaldigital.com.br\/wp-content\/uploads\/2019\/02\/fotod-2-e1549483893243-300x253.jpg 300w, https:\/\/diarioregionaldigital.com.br\/wp-content\/uploads\/2019\/02\/fotod-2-e1549483893243-768x647.jpg 768w, https:\/\/diarioregionaldigital.com.br\/wp-content\/uploads\/2019\/02\/fotod-2-e1549483893243-360x303.jpg 360w\" sizes=\"auto, (max-width: 680px) 100vw, 680px\" \/><p id=\"caption-attachment-133250\" class=\"wp-caption-text\">Na ASE em movimento de moda, os diamantes negros, Leonardo de Jesus e Wagner Lees<\/p><\/div>\n<div id=\"attachment_133251\" style=\"width: 690px\" class=\"wp-caption aligncenter\"><img loading=\"lazy\" decoding=\"async\" aria-describedby=\"caption-attachment-133251\" class=\"wp-image-133251\" src=\"https:\/\/diarioregionaldigital.com.br\/wp-content\/uploads\/2019\/02\/fotoe-2-e1549483924759.jpg\" alt=\"\" width=\"680\" height=\"463\" srcset=\"https:\/\/diarioregionaldigital.com.br\/wp-content\/uploads\/2019\/02\/fotoe-2-e1549483924759.jpg 1575w, https:\/\/diarioregionaldigital.com.br\/wp-content\/uploads\/2019\/02\/fotoe-2-e1549483924759-300x204.jpg 300w, https:\/\/diarioregionaldigital.com.br\/wp-content\/uploads\/2019\/02\/fotoe-2-e1549483924759-768x523.jpg 768w, https:\/\/diarioregionaldigital.com.br\/wp-content\/uploads\/2019\/02\/fotoe-2-e1549483924759-1024x698.jpg 1024w, https:\/\/diarioregionaldigital.com.br\/wp-content\/uploads\/2019\/02\/fotoe-2-e1549483924759-360x245.jpg 360w\" sizes=\"auto, (max-width: 680px) 100vw, 680px\" \/><p id=\"caption-attachment-133251\" class=\"wp-caption-text\">No Glass Parque fazendo social, Mary e Mauricio Zogbi<\/p><\/div>\n<div id=\"attachment_133244\" style=\"width: 690px\" class=\"wp-caption aligncenter\"><img loading=\"lazy\" decoding=\"async\" aria-describedby=\"caption-attachment-133244\" class=\"wp-image-133244\" src=\"https:\/\/diarioregionaldigital.com.br\/wp-content\/uploads\/2019\/02\/fotoh-1-e1549483732488.jpg\" alt=\"\" width=\"680\" height=\"644\" srcset=\"https:\/\/diarioregionaldigital.com.br\/wp-content\/uploads\/2019\/02\/fotoh-1-e1549483732488.jpg 1028w, https:\/\/diarioregionaldigital.com.br\/wp-content\/uploads\/2019\/02\/fotoh-1-e1549483732488-300x284.jpg 300w, https:\/\/diarioregionaldigital.com.br\/wp-content\/uploads\/2019\/02\/fotoh-1-e1549483732488-768x728.jpg 768w, https:\/\/diarioregionaldigital.com.br\/wp-content\/uploads\/2019\/02\/fotoh-1-e1549483732488-1024x970.jpg 1024w, https:\/\/diarioregionaldigital.com.br\/wp-content\/uploads\/2019\/02\/fotoh-1-e1549483732488-360x341.jpg 360w\" sizes=\"auto, (max-width: 680px) 100vw, 680px\" \/><p id=\"caption-attachment-133244\" class=\"wp-caption-text\">Curtindo sua cachorrinha fashion, a linda Miss Com\u00e9rcio JF, Maquicine Faiany<\/p><\/div>\n<div id=\"attachment_133252\" style=\"width: 690px\" class=\"wp-caption aligncenter\"><img loading=\"lazy\" decoding=\"async\" aria-describedby=\"caption-attachment-133252\" class=\"wp-image-133252\" src=\"https:\/\/diarioregionaldigital.com.br\/wp-content\/uploads\/2019\/02\/fotof-2-e1549483949264.jpg\" alt=\"\" width=\"680\" height=\"519\" srcset=\"https:\/\/diarioregionaldigital.com.br\/wp-content\/uploads\/2019\/02\/fotof-2-e1549483949264.jpg 1182w, https:\/\/diarioregionaldigital.com.br\/wp-content\/uploads\/2019\/02\/fotof-2-e1549483949264-300x229.jpg 300w, https:\/\/diarioregionaldigital.com.br\/wp-content\/uploads\/2019\/02\/fotof-2-e1549483949264-768x586.jpg 768w, https:\/\/diarioregionaldigital.com.br\/wp-content\/uploads\/2019\/02\/fotof-2-e1549483949264-1024x781.jpg 1024w, https:\/\/diarioregionaldigital.com.br\/wp-content\/uploads\/2019\/02\/fotof-2-e1549483949264-360x275.jpg 360w\" sizes=\"auto, (max-width: 680px) 100vw, 680px\" \/><p id=\"caption-attachment-133252\" class=\"wp-caption-text\">Elegantes no Glass Parque, Felipe e sua m\u00e3e Maria In\u00eas de Andrade<\/p><\/div>\n<div id=\"attachment_133253\" style=\"width: 690px\" class=\"wp-caption aligncenter\"><img loading=\"lazy\" decoding=\"async\" aria-describedby=\"caption-attachment-133253\" class=\"wp-image-133253\" src=\"https:\/\/diarioregionaldigital.com.br\/wp-content\/uploads\/2019\/02\/fotog-2-e1549483984457.jpg\" alt=\"\" width=\"680\" height=\"549\" srcset=\"https:\/\/diarioregionaldigital.com.br\/wp-content\/uploads\/2019\/02\/fotog-2-e1549483984457.jpg 1175w, https:\/\/diarioregionaldigital.com.br\/wp-content\/uploads\/2019\/02\/fotog-2-e1549483984457-300x242.jpg 300w, https:\/\/diarioregionaldigital.com.br\/wp-content\/uploads\/2019\/02\/fotog-2-e1549483984457-768x620.jpg 768w, https:\/\/diarioregionaldigital.com.br\/wp-content\/uploads\/2019\/02\/fotog-2-e1549483984457-1024x826.jpg 1024w, https:\/\/diarioregionaldigital.com.br\/wp-content\/uploads\/2019\/02\/fotog-2-e1549483984457-360x290.jpg 360w\" sizes=\"auto, (max-width: 680px) 100vw, 680px\" \/><p id=\"caption-attachment-133253\" class=\"wp-caption-text\">Elegant\u00edssima, M\u00f4nica Gomide Guimar\u00e3es festeja n\u00edver hoje, 7, em Paraty com familiares e posou com seu pai Jos\u00e9 Ribeiro Gomide<\/p><\/div>\n<div id=\"attachment_133245\" style=\"width: 690px\" class=\"wp-caption aligncenter\"><img loading=\"lazy\" decoding=\"async\" aria-describedby=\"caption-attachment-133245\" class=\"wp-image-133245\" src=\"https:\/\/diarioregionaldigital.com.br\/wp-content\/uploads\/2019\/02\/fotoj.jpg\" alt=\"\" width=\"680\" height=\"453\" srcset=\"https:\/\/diarioregionaldigital.com.br\/wp-content\/uploads\/2019\/02\/fotoj.jpg 1764w, https:\/\/diarioregionaldigital.com.br\/wp-content\/uploads\/2019\/02\/fotoj-300x200.jpg 300w, https:\/\/diarioregionaldigital.com.br\/wp-content\/uploads\/2019\/02\/fotoj-768x512.jpg 768w, https:\/\/diarioregionaldigital.com.br\/wp-content\/uploads\/2019\/02\/fotoj-1024x683.jpg 1024w, https:\/\/diarioregionaldigital.com.br\/wp-content\/uploads\/2019\/02\/fotoj-360x240.jpg 360w\" sizes=\"auto, (max-width: 680px) 100vw, 680px\" \/><p id=\"caption-attachment-133245\" class=\"wp-caption-text\">No MHall em ritmo de samba, Z\u00e9 Kodak, Marcelo Barra, Ana Cristina Rabelo e F\u00e1bio Esteves<\/p><\/div>\n<p style=\"text-align: center;\"><strong>FOTOSS\u00cdNTESE<\/strong><\/p>\n<p>A elegante Renata Hargreaves com sua bonita loja Mood com a linha adulta e Mood Kids com a linha infantil est\u00e1 com promo\u00e7\u00e3o de 30% a 40% na linha ver\u00e3o. A loja fica na rua Braz Bernardino,183.<\/p>\n<p>Na sexta-feira, 8, vai rolar o Happy Hour HV Store com desfile, DJ, coquetel, bazar e Barbershop. O bat-local na rua S\u00e3o Jo\u00e3o, 398, \u00e0s 17h.<\/p>\n<p>Na 6\u00aa feira, 8, a Cervejaria Escola Mirante promove o segundo pr\u00e9-carnaval do Grupo Ingoma com DJ Pedro Paiva e Visceral.<\/p>\n<p>A Toca da Raposa recebe a festa de abertura do Carnaval dos Blocos no s\u00e1bado, 9. No palco grupo Segredo, DJ Andr\u00e9 e Ra\u00edzes do Samba.<\/p>\n<p>A diretora do Hospital Dr. Evandro Ribeiro, Virginia Ramos, comemora o repasse federal do Programa de Sa\u00fade Auditiva, cujo hospital \u00e9 unidade prestadora de atendimento em Juiz de Fora. Os novos recursos ser\u00e3o investidos na reposi\u00e7\u00e3o de aparelhos auditivos, cuja fila de espera conta atualmente, com 1.637 pessoas.<\/p>\n<p>Com atendimento express sem hora marcada faz sucesso a Suave Juiz de Fora. No leque de op\u00e7\u00f5es: sobrancelhas, depila\u00e7\u00e3o e esmalteria. Fica na rua Braz Bernadino, n\u00ba 148.<\/p>\n<p>Previsto para ser inaugurado em 16 de fevereiro o primeiro Centro de Treinamento de Futev\u00f4lei da Zona da Mata. Localizado no Estrela Sul, o local ter\u00e1 duas quadras espec\u00edficas para o futev\u00f4lei, al\u00e9m de uma \u00e1rea para a pr\u00e1tica do futmesa.<\/p>\n<p>Din\u00e2mica e atuante, a delegada de Mulheres, Ione Moreira Dias Barbosa, vai receber o T\u00edtulo de Cidad\u00e3 Honor\u00e1ria. A iniciativa foi do vereador Adriano Miranda.<\/p>\n<p>O gerente comercial da Est\u00e1cio, Diego Gon\u00e7alves, entregou \u00e0 Escola Coronel Em\u00edlio dos Reis, em Humait\u00e1, 57 carteiras para as novas turmas.<\/p>\n<p>O coiffeur e maquiador Lisandro Reis brilha no Curso de Automaquiagem e Cabelos em Uberaba (MG).<\/p>\n<p>A engenheira juiz-forana Iara Nagle \u00e9 a mais nova conselheira vital\u00edcia do CE do Rio de Janeiro. Ponto para ela.<\/p>\n<p>Para os dias mais quentes do ver\u00e3o o sommelier Jos\u00e9 Gomes indica o espumante Cuvee Laurent Brut, oriundo com DNA franc\u00eas da Proven\u00e7a.<\/p>\n<p>Para refletir: Com os bailes de pr\u00e9-carnaval na agenda dos juiz-foranos \u00e9 bom lembrar que brincar de forma sadia \u00e9 bom. Mas ass\u00e9dio t\u00e1 fora de moda. Bom dia!<\/p>\n<p><img loading=\"lazy\" decoding=\"async\" class=\"aligncenter size-full wp-image-133259\" src=\"https:\/\/diarioregionaldigital.com.br\/wp-content\/uploads\/2019\/02\/Fashion_6x15.jpg\" alt=\"\" width=\"3484\" height=\"1772\" srcset=\"https:\/\/diarioregionaldigital.com.br\/wp-content\/uploads\/2019\/02\/Fashion_6x15.jpg 3484w, https:\/\/diarioregionaldigital.com.br\/wp-content\/uploads\/2019\/02\/Fashion_6x15-300x153.jpg 300w, https:\/\/diarioregionaldigital.com.br\/wp-content\/uploads\/2019\/02\/Fashion_6x15-768x391.jpg 768w, https:\/\/diarioregionaldigital.com.br\/wp-content\/uploads\/2019\/02\/Fashion_6x15-1024x521.jpg 1024w, https:\/\/diarioregionaldigital.com.br\/wp-content\/uploads\/2019\/02\/Fashion_6x15-360x183.jpg 360w\" sizes=\"auto, (max-width: 3484px) 100vw, 3484px\" \/><\/p>\n","protected":false},"excerpt":{"rendered":"<p>Anima\u00e7\u00e3o Com pegada ver\u00e3o o Mr.Tugas inicia hoje, 7, at\u00e9 o dia 10 com clima de pr\u00e9-carnaval. Estar\u00e3o no palco: Alessandra Crispin, Samba a La Carte, Guerreiras de Clara e Grupo Alquimia, Samba do Miranda e Sambatuck, com Mestre Toddynho. Muita gente bonita, cerveja artesanal, espumante e pizzas dar\u00e3o o tom da folia. Sucesso Total [&hellip;]<\/p>\n","protected":false},"author":96,"featured_media":133246,"comment_status":"closed","ping_status":"closed","sticky":false,"template":"","format":"standard","meta":{"footnotes":""},"categories":[264],"tags":[],"class_list":["post-133256","post","type-post","status-publish","format-standard","has-post-thumbnail","hentry","category-eduardo-gomes"],"_links":{"self":[{"href":"https:\/\/diarioregionaldigital.com.br\/index.php?rest_route=\/wp\/v2\/posts\/133256","targetHints":{"allow":["GET"]}}],"collection":[{"href":"https:\/\/diarioregionaldigital.com.br\/index.php?rest_route=\/wp\/v2\/posts"}],"about":[{"href":"https:\/\/diarioregionaldigital.com.br\/index.php?rest_route=\/wp\/v2\/types\/post"}],"author":[{"embeddable":true,"href":"https:\/\/diarioregionaldigital.com.br\/index.php?rest_route=\/wp\/v2\/users\/96"}],"replies":[{"embeddable":true,"href":"https:\/\/diarioregionaldigital.com.br\/index.php?rest_route=%2Fwp%2Fv2%2Fcomments&post=133256"}],"version-history":[{"count":0,"href":"https:\/\/diarioregionaldigital.com.br\/index.php?rest_route=\/wp\/v2\/posts\/133256\/revisions"}],"wp:featuredmedia":[{"embeddable":true,"href":"https:\/\/diarioregionaldigital.com.br\/index.php?rest_route=\/wp\/v2\/media\/133246"}],"wp:attachment":[{"href":"https:\/\/diarioregionaldigital.com.br\/index.php?rest_route=%2Fwp%2Fv2%2Fmedia&parent=133256"}],"wp:term":[{"taxonomy":"category","embeddable":true,"href":"https:\/\/diarioregionaldigital.com.br\/index.php?rest_route=%2Fwp%2Fv2%2Fcategories&post=133256"},{"taxonomy":"post_tag","embeddable":true,"href":"https:\/\/diarioregionaldigital.com.br\/index.php?rest_route=%2Fwp%2Fv2%2Ftags&post=133256"}],"curies":[{"name":"wp","href":"https:\/\/api.w.org\/{rel}","templated":true}]}}