{"id":133254,"date":"2019-02-07T06:00:00","date_gmt":"2019-02-07T08:00:00","guid":{"rendered":"https:\/\/diarioregionaldigital.com.br\/?p=133254"},"modified":"2019-02-06T18:17:50","modified_gmt":"2019-02-06T20:17:50","slug":"edital-parati-petroleo-ltda-07-02-19","status":"publish","type":"post","link":"https:\/\/diarioregionaldigital.com.br\/?p=133254","title":{"rendered":"Edital &#8211; Parati Petr\u00f3leo LTDA &#8211; 07\/02\/19"},"content":{"rendered":"<p style=\"text-align: center;\"><strong>AVISO<\/strong><\/p>\n<p style=\"text-align: center;\">A Empresa\u00a0<strong>PARATI PETR\u00d3LEO LTDA<\/strong>, CNPJ\u00a0<strong>01.247.439\/0001-86<\/strong>, por determina\u00e7\u00e3o do Conselho Estadual de Pol\u00edtica Ambiental COPAM, torna p\u00fablico que solicitou a licen\u00e7a de opera\u00e7\u00e3o (LAC1-LOC), atrav\u00e9s do processo n\u00ba\u00a0<strong>00579\/2001<\/strong>, refer\u00eancia F-06-01-7 para Posto Revendedores, Posto de Abastecimento, Instala\u00e7\u00e3o de Sistema Retalhista, refer\u00eancia F-02-01-1 Transporte rodovi\u00e1rio, localizado a Rua Fel\u00edcio Manoel Oliveira, n\u00ba 264, Bairro Santa Cruz &#8211; Juiz de Fora \/ MG, CEP: 36.088-190.<\/p>\n","protected":false},"excerpt":{"rendered":"<p>AVISO A Empresa\u00a0PARATI PETR\u00d3LEO LTDA, CNPJ\u00a001.247.439\/0001-86, por determina\u00e7\u00e3o do Conselho Estadual de Pol\u00edtica Ambiental COPAM, torna p\u00fablico que solicitou a licen\u00e7a de opera\u00e7\u00e3o (LAC1-LOC), atrav\u00e9s do processo n\u00ba\u00a000579\/2001, refer\u00eancia F-06-01-7 para Posto Revendedores, Posto de Abastecimento, Instala\u00e7\u00e3o de Sistema Retalhista, refer\u00eancia F-02-01-1 Transporte rodovi\u00e1rio, localizado a Rua Fel\u00edcio Manoel Oliveira, n\u00ba 264, Bairro Santa Cruz [&hellip;]<\/p>\n","protected":false},"author":96,"featured_media":0,"comment_status":"closed","ping_status":"closed","sticky":false,"template":"","format":"standard","meta":{"footnotes":""},"categories":[307],"tags":[],"class_list":["post-133254","post","type-post","status-publish","format-standard","hentry","category-editais"],"_links":{"self":[{"href":"https:\/\/diarioregionaldigital.com.br\/index.php?rest_route=\/wp\/v2\/posts\/133254","targetHints":{"allow":["GET"]}}],"collection":[{"href":"https:\/\/diarioregionaldigital.com.br\/index.php?rest_route=\/wp\/v2\/posts"}],"about":[{"href":"https:\/\/diarioregionaldigital.com.br\/index.php?rest_route=\/wp\/v2\/types\/post"}],"author":[{"embeddable":true,"href":"https:\/\/diarioregionaldigital.com.br\/index.php?rest_route=\/wp\/v2\/users\/96"}],"replies":[{"embeddable":true,"href":"https:\/\/diarioregionaldigital.com.br\/index.php?rest_route=%2Fwp%2Fv2%2Fcomments&post=133254"}],"version-history":[{"count":0,"href":"https:\/\/diarioregionaldigital.com.br\/index.php?rest_route=\/wp\/v2\/posts\/133254\/revisions"}],"wp:attachment":[{"href":"https:\/\/diarioregionaldigital.com.br\/index.php?rest_route=%2Fwp%2Fv2%2Fmedia&parent=133254"}],"wp:term":[{"taxonomy":"category","embeddable":true,"href":"https:\/\/diarioregionaldigital.com.br\/index.php?rest_route=%2Fwp%2Fv2%2Fcategories&post=133254"},{"taxonomy":"post_tag","embeddable":true,"href":"https:\/\/diarioregionaldigital.com.br\/index.php?rest_route=%2Fwp%2Fv2%2Ftags&post=133254"}],"curies":[{"name":"wp","href":"https:\/\/api.w.org\/{rel}","templated":true}]}}