{"id":133238,"date":"2019-02-06T17:10:49","date_gmt":"2019-02-06T19:10:49","guid":{"rendered":"https:\/\/diarioregionaldigital.com.br\/?p=133238"},"modified":"2019-02-06T17:14:07","modified_gmt":"2019-02-06T19:14:07","slug":"governo-de-minas-anuncia-cronograma-de-pagamento-de-fevereiro-e-marco","status":"publish","type":"post","link":"https:\/\/diarioregionaldigital.com.br\/?p=133238","title":{"rendered":"Governo de Minas anuncia cronograma de pagamento de fevereiro e mar\u00e7o"},"content":{"rendered":"<p>O Governo de Minas anunciou, nesta quarta-feira, 6, atrav\u00e9s da Secretaria de Fazenda, o cronograma de pagamento dos sal\u00e1rios do servidores estaduais nos meses de fevereiro e mar\u00e7o.<\/p>\n<p>Em fevereiro, a primeira parcela ser\u00e1 paga no dia 13, quarta-feira, que ser\u00e3o depositados at\u00e9 R$ 2 mil para todas as categorias e at\u00e9 R$ 3 mil para os servidores da Sa\u00fade e da Seguran\u00e7a P\u00fablica. A segunda parcela ser\u00e1 paga no dia 25 de fevereiro, quitando os sal\u00e1rios de todos os servidores. Este mesmo modelo ser\u00e1 mantido no m\u00eas de mar\u00e7o, com o pagamento das parceladas marcado para os dias 13 e 26.<\/p>\n<p>Atrav\u00e9s de uma publica\u00e7\u00e3o nas redes sociais, o atual Governador de Minas, Romeu Zema (Novo), disse estar trabalhando \u201cincessantemente\u201d para encontrar alternativas para solucionar os problemas do Estado. \u201cCom muito trabalho, esfor\u00e7o e transpar\u00eancia estamos organizando o caixa para dar mais previsibilidade nos pagamentos dos servidores e tirar Minas do vermelho\u201d, publicou. Ele ainda comentou que divulga\u00e7\u00e3o do cronograma tamb\u00e9m para o m\u00eas de mar\u00e7o foi adotada \u201cpara dar mais previsibilidade sobre o pagamento do ordenado ao funcionalismo\u201d.<\/p>\n<p>Juntamente com as informa\u00e7\u00f5es sobre o calend\u00e1rio de pagamento, o governador tamb\u00e9m divulgou um v\u00eddeo do Secret\u00e1rio de Estado de Fazenda, Gustavo Barbosa.<\/p>\n<div id=\"fb-root\"><\/div>\n<p><script>(function(d, s, id) {  var js, fjs = d.getElementsByTagName(s)[0];  if (d.getElementById(id)) return;  js = d.createElement(s); js.id = id;  js.src = 'https:\/\/connect.facebook.net\/de_DE\/sdk.js#xfbml=1&version=v3.2';  fjs.parentNode.insertBefore(js, fjs);}(document, 'script', 'facebook-jssdk'));<\/script><\/p>\n<div class=\"fb-video\" data-href=\"https:\/\/www.facebook.com\/RomeuZemaOficial\/videos\/324140914894427\/?__xts__[0]=68.ARC627ULbf3_-HVR_0rUqlnFw-BbGb_YysJoXf7LhmlL8CzB4CKq_ceGPGSYxbXJnR0vlFdCBCSOV0EV9cmn_S_x7SHrhGvGgV1L1oJ2rcYdS0Uj1NnhErBuoYq807r7aCGbcWkhFzlk0Zq369WibBsWfezof7Sv4zSXIOAv5sFMZ6qTgp0v9YEJ1RjMO6_Tng_-lyEKlhqL9OYTluJ1Q78VXjcOX9kmsOC9horV_RMC6p5ItttPR_b4mb68Lm69HnwGOONnjQO_8eGrPtMO3xjzoHn2twdiZqAYsdFnl-PWkAGAddiza-Y2LFnChsG-enrzUyPFVZL_fTl24_YeWnoi9KfLGRQVoBrafQ&amp;__tn__=-R\" data-width=\"1170\">\n<blockquote cite=\"https:\/\/www.facebook.com\/RomeuZemaOficial\/videos\/324140914894427\/\" class=\"fb-xfbml-parse-ignore\"><p><a href=\"https:\/\/www.facebook.com\/RomeuZemaOficial\/videos\/324140914894427\/\"><\/a><\/p>\n<p>Ol\u00e1 pessoal, seguimos trabalhando incessantemente para encontrar alternativas para os s\u00e9rios problemas deixados no estado. Com muito esfor\u00e7o j\u00e1 temos a defini\u00e7\u00e3o da escala de pagamento dos sal\u00e1rios do funcionalismo de fevereiro e mar\u00e7o. Assista ao v\u00eddeo do nosso Secret\u00e1rio de Fazenda, Gustavo Barbosa, e veja como ser\u00e1 feito.  A divulga\u00e7\u00e3o do cronograma tamb\u00e9m para o m\u00eas de mar\u00e7o foi adotada para dar mais previsibilidade sobre o pagamento do ordenado ao funcionalismo. Neste m\u00eas, a primeira parcela ser\u00e1 paga no dia 13 de fevereiro. Ser\u00e3o at\u00e9 R$ 2 mil para todas as categorias e at\u00e9 R$ 3 mil para os servidores da Sa\u00fade e da Seguran\u00e7a P\u00fablica. No dia 25 de fevereiro ser\u00e1 paga a segunda parcela, quitando os sal\u00e1rios de todos os servidores. Em mar\u00e7o, a escala seguir\u00e1 o mesmo ordenamento. A primeira parcela ser\u00e1 depositada no dia 13, com o formato de valores e categorias id\u00eantico ao m\u00eas anterior. J\u00e1 a segunda parcela ser\u00e1 quitada no dia 26 de mar\u00e7o. Com muito trabalho, esfor\u00e7o e transpar\u00eancia estamos organizando o caixa para dar mais previsibilidade nos pagamentos dos servidores e tirar Minas do vermelho. #governodeMinas #MinasGerais #romeuzema #NOVOGovernoMG<\/p>\n<p>Gepostet von <a href=\"https:\/\/www.facebook.com\/RomeuZemaOficial\/\">Romeu Zema<\/a> am Mittwoch, 6. Februar 2019<\/p><\/blockquote>\n<\/div>\n","protected":false},"excerpt":{"rendered":"<p>O Governo de Minas anunciou, nesta quarta-feira, 6, atrav\u00e9s da Secretaria de Fazenda, o cronograma de pagamento dos sal\u00e1rios do servidores estaduais nos meses de fevereiro e mar\u00e7o. Em fevereiro, a primeira parcela ser\u00e1 paga no dia 13, quarta-feira, que ser\u00e3o depositados at\u00e9 R$ 2 mil para todas as categorias e at\u00e9 R$ 3 mil [&hellip;]<\/p>\n","protected":false},"author":96,"featured_media":133239,"comment_status":"closed","ping_status":"closed","sticky":false,"template":"","format":"standard","meta":{"footnotes":""},"categories":[253,436,440,439],"tags":[],"class_list":["post-133238","post","type-post","status-publish","format-standard","has-post-thumbnail","hentry","category-cidade","category-destaque-da-semana","category-destaques-do-dia","category-ultima-hora"],"_links":{"self":[{"href":"https:\/\/diarioregionaldigital.com.br\/index.php?rest_route=\/wp\/v2\/posts\/133238","targetHints":{"allow":["GET"]}}],"collection":[{"href":"https:\/\/diarioregionaldigital.com.br\/index.php?rest_route=\/wp\/v2\/posts"}],"about":[{"href":"https:\/\/diarioregionaldigital.com.br\/index.php?rest_route=\/wp\/v2\/types\/post"}],"author":[{"embeddable":true,"href":"https:\/\/diarioregionaldigital.com.br\/index.php?rest_route=\/wp\/v2\/users\/96"}],"replies":[{"embeddable":true,"href":"https:\/\/diarioregionaldigital.com.br\/index.php?rest_route=%2Fwp%2Fv2%2Fcomments&post=133238"}],"version-history":[{"count":0,"href":"https:\/\/diarioregionaldigital.com.br\/index.php?rest_route=\/wp\/v2\/posts\/133238\/revisions"}],"wp:featuredmedia":[{"embeddable":true,"href":"https:\/\/diarioregionaldigital.com.br\/index.php?rest_route=\/wp\/v2\/media\/133239"}],"wp:attachment":[{"href":"https:\/\/diarioregionaldigital.com.br\/index.php?rest_route=%2Fwp%2Fv2%2Fmedia&parent=133238"}],"wp:term":[{"taxonomy":"category","embeddable":true,"href":"https:\/\/diarioregionaldigital.com.br\/index.php?rest_route=%2Fwp%2Fv2%2Fcategories&post=133238"},{"taxonomy":"post_tag","embeddable":true,"href":"https:\/\/diarioregionaldigital.com.br\/index.php?rest_route=%2Fwp%2Fv2%2Ftags&post=133238"}],"curies":[{"name":"wp","href":"https:\/\/api.w.org\/{rel}","templated":true}]}}