{"id":133231,"date":"2019-02-06T16:44:34","date_gmt":"2019-02-06T18:44:34","guid":{"rendered":"https:\/\/diarioregionaldigital.com.br\/?p=133231"},"modified":"2019-02-06T16:44:34","modified_gmt":"2019-02-06T18:44:34","slug":"projeto-cria-programa-cidade-amiga-do-idoso","status":"publish","type":"post","link":"https:\/\/diarioregionaldigital.com.br\/?p=133231","title":{"rendered":"Projeto cria Programa Cidade Amiga do Idoso"},"content":{"rendered":"<p>O Senado vai analisar proposta que cria o Programa Cidade Amiga do Idoso, com o intuito de incentivar os munic\u00edpios a adotar medidas para o envelhecimento saud\u00e1vel e que aumentem a qualidade de vida dessa popula\u00e7\u00e3o.<\/p>\n<p>Pelo texto do Projeto de Lei (PL) <a class=\"external-link\" href=\"http:\/\/www25.senado.leg.br\/web\/atividade\/materias\/-\/materia\/135096\">402\/2019<\/a>, do ex-deputado Ricardo Tripoli, o munic\u00edpio interessado em participar do programa deve ter em funcionamento um Conselho Municipal do Idoso e apresentar um plano de a\u00e7\u00e3o com o objetivo de beneficiar a pessoa idosa em aspectos como transporte, moradia, servi\u00e7os de sa\u00fade, inclus\u00e3o social, emprego, comunica\u00e7\u00e3o e informa\u00e7\u00e3o, entre outros.<\/p>\n<p>Os munic\u00edpios que aderirem ao programa ter\u00e3o prioridade no recebimento dos recursos do Fundo Nacional de Apoio ao Desenvolvimento Urbano. Aqueles que conseguirem implantar a\u00e7\u00f5es que melhorem transporte, moradia e outros aspectos na vida das pessoas idosas receber\u00e3o o t\u00edtulo de Cidade Amiga do Idoso, a ser outorgado pelo Conselho Nacional do Idoso.<\/p>\n<p>A proposi\u00e7\u00e3o ainda precisa ser direcionada para an\u00e1lise na comiss\u00f5es do Senado pertinentes ao tema.<\/p>\n<p>Fonte: Ag\u00eancia Senado<\/p>\n","protected":false},"excerpt":{"rendered":"<p>O Senado vai analisar proposta que cria o Programa Cidade Amiga do Idoso, com o intuito de incentivar os munic\u00edpios a adotar medidas para o envelhecimento saud\u00e1vel e que aumentem a qualidade de vida dessa popula\u00e7\u00e3o. Pelo texto do Projeto de Lei (PL) 402\/2019, do ex-deputado Ricardo Tripoli, o munic\u00edpio interessado em participar do programa [&hellip;]<\/p>\n","protected":false},"author":96,"featured_media":133233,"comment_status":"closed","ping_status":"closed","sticky":false,"template":"","format":"standard","meta":{"footnotes":""},"categories":[436,254,439],"tags":[],"class_list":["post-133231","post","type-post","status-publish","format-standard","has-post-thumbnail","hentry","category-destaque-da-semana","category-politica","category-ultima-hora"],"_links":{"self":[{"href":"https:\/\/diarioregionaldigital.com.br\/index.php?rest_route=\/wp\/v2\/posts\/133231","targetHints":{"allow":["GET"]}}],"collection":[{"href":"https:\/\/diarioregionaldigital.com.br\/index.php?rest_route=\/wp\/v2\/posts"}],"about":[{"href":"https:\/\/diarioregionaldigital.com.br\/index.php?rest_route=\/wp\/v2\/types\/post"}],"author":[{"embeddable":true,"href":"https:\/\/diarioregionaldigital.com.br\/index.php?rest_route=\/wp\/v2\/users\/96"}],"replies":[{"embeddable":true,"href":"https:\/\/diarioregionaldigital.com.br\/index.php?rest_route=%2Fwp%2Fv2%2Fcomments&post=133231"}],"version-history":[{"count":0,"href":"https:\/\/diarioregionaldigital.com.br\/index.php?rest_route=\/wp\/v2\/posts\/133231\/revisions"}],"wp:featuredmedia":[{"embeddable":true,"href":"https:\/\/diarioregionaldigital.com.br\/index.php?rest_route=\/wp\/v2\/media\/133233"}],"wp:attachment":[{"href":"https:\/\/diarioregionaldigital.com.br\/index.php?rest_route=%2Fwp%2Fv2%2Fmedia&parent=133231"}],"wp:term":[{"taxonomy":"category","embeddable":true,"href":"https:\/\/diarioregionaldigital.com.br\/index.php?rest_route=%2Fwp%2Fv2%2Fcategories&post=133231"},{"taxonomy":"post_tag","embeddable":true,"href":"https:\/\/diarioregionaldigital.com.br\/index.php?rest_route=%2Fwp%2Fv2%2Ftags&post=133231"}],"curies":[{"name":"wp","href":"https:\/\/api.w.org\/{rel}","templated":true}]}}