{"id":133228,"date":"2019-02-06T16:31:16","date_gmt":"2019-02-06T18:31:16","guid":{"rendered":"https:\/\/diarioregionaldigital.com.br\/?p=133228"},"modified":"2019-02-06T16:31:16","modified_gmt":"2019-02-06T18:31:16","slug":"moro-se-reune-com-parlamentares-para-discutir-lei-anticrime","status":"publish","type":"post","link":"https:\/\/diarioregionaldigital.com.br\/?p=133228","title":{"rendered":"Moro se re\u00fane com parlamentares para discutir Lei Anticrime"},"content":{"rendered":"<p>Mais de uma centena de deputados federais buscam um espa\u00e7o\u00a0nesta quarta-feira, 6, entre os 108 assentos, no plen\u00e1rio 1 da C\u00e2mara, para participar da reuni\u00e3o com o ministro da Justi\u00e7a e Seguran\u00e7a P\u00fablica, Sergio Moro. A reuni\u00e3o aconteceria no audit\u00f3rio Nereu Ramos, tamb\u00e9m na C\u00e2mara, mas foi transferida a pedido da Frente Parlamentar de Seguran\u00e7a P\u00fablica.<\/p>\n<p>No encontro, o ministro vai detalhar as\u00a0propostas de mudan\u00e7as legais\u00a0que o governo federal deve enviar ao Congresso Nacional, na proposta intutlada Leia Anticrime. A reuni\u00e3o ocorre a portas fechadas. Moro chamou o encontro de &#8220;reuni\u00e3o de trabalho&#8221;.<\/p>\n<p>Para cumprir o hor\u00e1rio que estimou, o ministro pediu que as inscri\u00e7\u00f5es para perguntas de parlamentares fosse limitada. O deputado federal Glauber Braga (PSOL-RJ) reclamou que Moro se estendeu na explica\u00e7\u00e3o e deixou pouco tempo para questionamentos e esclarecimentos.<\/p>\n<p>O projeto de lei prev\u00ea altera\u00e7\u00f5es em 14 leis, como C\u00f3digo Penal, C\u00f3digo de Processo Penal, Lei de Execu\u00e7\u00e3o Penal, Lei de Crimes Hediondos, C\u00f3digo Eleitoral, entre outros.<\/p>\n<p>Ao longo da semana, Moro se reuniu com o presidente da C\u00e2mara dos Deputados, Rodrigo Maia, e com governadores, vice-governadores e secret\u00e1rios de seguran\u00e7a p\u00fablica com quem discutiu pormenores do pacote de mudan\u00e7as legais.<\/p>\n<p>&nbsp;<\/p>\n<p>Fonte: Ag\u00eancia Brasil<\/p>\n","protected":false},"excerpt":{"rendered":"<p>Mais de uma centena de deputados federais buscam um espa\u00e7o\u00a0nesta quarta-feira, 6, entre os 108 assentos, no plen\u00e1rio 1 da C\u00e2mara, para participar da reuni\u00e3o com o ministro da Justi\u00e7a e Seguran\u00e7a P\u00fablica, Sergio Moro. A reuni\u00e3o aconteceria no audit\u00f3rio Nereu Ramos, tamb\u00e9m na C\u00e2mara, mas foi transferida a pedido da Frente Parlamentar de Seguran\u00e7a [&hellip;]<\/p>\n","protected":false},"author":96,"featured_media":133229,"comment_status":"closed","ping_status":"closed","sticky":false,"template":"","format":"standard","meta":{"footnotes":""},"categories":[436,262,254,439],"tags":[],"class_list":["post-133228","post","type-post","status-publish","format-standard","has-post-thumbnail","hentry","category-destaque-da-semana","category-noticias","category-politica","category-ultima-hora"],"_links":{"self":[{"href":"https:\/\/diarioregionaldigital.com.br\/index.php?rest_route=\/wp\/v2\/posts\/133228","targetHints":{"allow":["GET"]}}],"collection":[{"href":"https:\/\/diarioregionaldigital.com.br\/index.php?rest_route=\/wp\/v2\/posts"}],"about":[{"href":"https:\/\/diarioregionaldigital.com.br\/index.php?rest_route=\/wp\/v2\/types\/post"}],"author":[{"embeddable":true,"href":"https:\/\/diarioregionaldigital.com.br\/index.php?rest_route=\/wp\/v2\/users\/96"}],"replies":[{"embeddable":true,"href":"https:\/\/diarioregionaldigital.com.br\/index.php?rest_route=%2Fwp%2Fv2%2Fcomments&post=133228"}],"version-history":[{"count":0,"href":"https:\/\/diarioregionaldigital.com.br\/index.php?rest_route=\/wp\/v2\/posts\/133228\/revisions"}],"wp:featuredmedia":[{"embeddable":true,"href":"https:\/\/diarioregionaldigital.com.br\/index.php?rest_route=\/wp\/v2\/media\/133229"}],"wp:attachment":[{"href":"https:\/\/diarioregionaldigital.com.br\/index.php?rest_route=%2Fwp%2Fv2%2Fmedia&parent=133228"}],"wp:term":[{"taxonomy":"category","embeddable":true,"href":"https:\/\/diarioregionaldigital.com.br\/index.php?rest_route=%2Fwp%2Fv2%2Fcategories&post=133228"},{"taxonomy":"post_tag","embeddable":true,"href":"https:\/\/diarioregionaldigital.com.br\/index.php?rest_route=%2Fwp%2Fv2%2Ftags&post=133228"}],"curies":[{"name":"wp","href":"https:\/\/api.w.org\/{rel}","templated":true}]}}