{"id":133223,"date":"2019-02-06T15:56:06","date_gmt":"2019-02-06T17:56:06","guid":{"rendered":"https:\/\/diarioregionaldigital.com.br\/?p=133223"},"modified":"2019-02-06T15:56:06","modified_gmt":"2019-02-06T17:56:06","slug":"guedes-vai-apresentar-reforma-da-previdencia-a-governadores-dia-20","status":"publish","type":"post","link":"https:\/\/diarioregionaldigital.com.br\/?p=133223","title":{"rendered":"Guedes vai apresentar reforma da Previd\u00eancia a governadores dia 20"},"content":{"rendered":"<p>O ministro da Economia, Paulo Guedes, deve apresentar aos governadores a proposta para a reforma da Previd\u00eancia no dia 20 em reuni\u00e3o em Bras\u00edlia. A informa\u00e7\u00e3o \u00e9 do governador de Pernambuco, Paulo C\u00e2mara, que esteve nesta quarta-feira, 6, em reuni\u00e3o com Guedes, no minist\u00e9rio, em Bras\u00edlia.<\/p>\n<p>\u201cN\u00e3o conhe\u00e7o ainda a reforma da Previd\u00eancia. A gente sabe de alguns pontos que podem ser colocados. O ministro falou de maneira gen\u00e9rica. N\u00e3o falou ponto a ponto. Vamos ter uma reuni\u00e3o no dia 20 de fevereiro com todos os governadores do Brasil onde o ministro vai efetivamente apresentar qual \u00e9 sua proposta para Previd\u00eancia\u201d, disse ao deixar o minist\u00e9rio.<\/p>\n<p>C\u00e2mara disse que \u00e9 preciso fazer a reforma e acrescentou que o d\u00e9ficit na Previd\u00eancia dos estados \u00e9 \u201cmuito forte\u201d. Segundo ele, em Pernambuco, o d\u00e9ficit da Previd\u00eancia no ano passado chegou a R$ 2,6 bilh\u00f5es. \u201cTodos n\u00f3s sabemos da necessidade de fazer a reforma. O meu partido [PSB] tem obje\u00e7\u00f5es a alguns pontos que foram colocados l\u00e1 atr\u00e1s &#8211; a preocupa\u00e7\u00e3o com a quest\u00e3o da aposentadoria dos trabalhadores rurais, do BPC [Benef\u00edcio de Presta\u00e7\u00e3o Continuada]. Tudo isso a gente precisa conhecer\u201d, disse.<\/p>\n<p>Segundo o governador, na reuni\u00e3o tamb\u00e9m foi debatido sobre a necessidade de maior reparti\u00e7\u00e3o de recursos com estados e munic\u00edpios, atualmente \u201cconcentrados\u201d na Uni\u00e3o, al\u00e9m da libera\u00e7\u00e3o de cr\u00e9dito para o estado.<\/p>\n<p>&nbsp;<\/p>\n<p>Fonte: Ag\u00eancia Brasil<\/p>\n","protected":false},"excerpt":{"rendered":"<p>O ministro da Economia, Paulo Guedes, deve apresentar aos governadores a proposta para a reforma da Previd\u00eancia no dia 20 em reuni\u00e3o em Bras\u00edlia. A informa\u00e7\u00e3o \u00e9 do governador de Pernambuco, Paulo C\u00e2mara, que esteve nesta quarta-feira, 6, em reuni\u00e3o com Guedes, no minist\u00e9rio, em Bras\u00edlia. \u201cN\u00e3o conhe\u00e7o ainda a reforma da Previd\u00eancia. A gente [&hellip;]<\/p>\n","protected":false},"author":96,"featured_media":133224,"comment_status":"closed","ping_status":"closed","sticky":false,"template":"","format":"standard","meta":{"footnotes":""},"categories":[436,261,262,439],"tags":[],"class_list":["post-133223","post","type-post","status-publish","format-standard","has-post-thumbnail","hentry","category-destaque-da-semana","category-economia","category-noticias","category-ultima-hora"],"_links":{"self":[{"href":"https:\/\/diarioregionaldigital.com.br\/index.php?rest_route=\/wp\/v2\/posts\/133223","targetHints":{"allow":["GET"]}}],"collection":[{"href":"https:\/\/diarioregionaldigital.com.br\/index.php?rest_route=\/wp\/v2\/posts"}],"about":[{"href":"https:\/\/diarioregionaldigital.com.br\/index.php?rest_route=\/wp\/v2\/types\/post"}],"author":[{"embeddable":true,"href":"https:\/\/diarioregionaldigital.com.br\/index.php?rest_route=\/wp\/v2\/users\/96"}],"replies":[{"embeddable":true,"href":"https:\/\/diarioregionaldigital.com.br\/index.php?rest_route=%2Fwp%2Fv2%2Fcomments&post=133223"}],"version-history":[{"count":0,"href":"https:\/\/diarioregionaldigital.com.br\/index.php?rest_route=\/wp\/v2\/posts\/133223\/revisions"}],"wp:featuredmedia":[{"embeddable":true,"href":"https:\/\/diarioregionaldigital.com.br\/index.php?rest_route=\/wp\/v2\/media\/133224"}],"wp:attachment":[{"href":"https:\/\/diarioregionaldigital.com.br\/index.php?rest_route=%2Fwp%2Fv2%2Fmedia&parent=133223"}],"wp:term":[{"taxonomy":"category","embeddable":true,"href":"https:\/\/diarioregionaldigital.com.br\/index.php?rest_route=%2Fwp%2Fv2%2Fcategories&post=133223"},{"taxonomy":"post_tag","embeddable":true,"href":"https:\/\/diarioregionaldigital.com.br\/index.php?rest_route=%2Fwp%2Fv2%2Ftags&post=133223"}],"curies":[{"name":"wp","href":"https:\/\/api.w.org\/{rel}","templated":true}]}}