{"id":133216,"date":"2019-02-06T15:32:44","date_gmt":"2019-02-06T17:32:44","guid":{"rendered":"https:\/\/diarioregionaldigital.com.br\/?p=133216"},"modified":"2019-02-06T15:35:51","modified_gmt":"2019-02-06T17:35:51","slug":"alcolumbre-pede-investigacao-de-fraude-da-eleicao-da-mesa","status":"publish","type":"post","link":"https:\/\/diarioregionaldigital.com.br\/?p=133216","title":{"rendered":"Alcolumbre pede investiga\u00e7\u00e3o de fraude da elei\u00e7\u00e3o da Mesa"},"content":{"rendered":"<p>O presidente do Senado, Davi Alcolumbre (DEM-AP), pediu que o corregedor da Casa, senador Roberto Rocha (PSDB-MA), apure a fraude na elei\u00e7\u00e3o da Mesa Diretora, nesse s\u00e1bado, 2. Embora estivessem presentes os 81 senadores, na urna de vota\u00e7\u00e3o, foram colocados 82 votos na elei\u00e7\u00e3o para a presid\u00eancia da Casa.<\/p>\n<p>Al\u00e9m do voto a mais, duas c\u00e9dulas estavam fora dos envelopes.\u00a0A vota\u00e7\u00e3o foi anulada, e Alcolumbre foi eleito em um segundo pleito.<\/p>\n<p>A investiga\u00e7\u00e3o deve seguir as regras contidas no Ato do Corregedor 1\/2018, que regulamenta os procedimentos da Corregedoria Parlamentar. O \u00f3rg\u00e3o \u00e9 respons\u00e1vel no Senado por promover a manuten\u00e7\u00e3o do decoro, da ordem e da disciplina, incluindo quest\u00f5es referentes \u00e0 seguran\u00e7a interna e externa da institui\u00e7\u00e3o.<\/p>\n<p>Ap\u00f3s a investiga\u00e7\u00e3o, o corregedor poder\u00e1 arquivar o fato, encaminhar \u00e0 Comiss\u00e3o de \u00c9tica e Decoro Parlamentar, caso a apura\u00e7\u00e3o constate descumprimento do C\u00f3digo de \u00c9tica, ou encaminhar \u00e0 autoridade administrativa competente para ado\u00e7\u00e3o das san\u00e7\u00f5es cab\u00edveis, quando a conduta pun\u00edvel n\u00e3o for atribu\u00edda ao senador.<\/p>\n<p>&nbsp;<\/p>\n<p>Fonte: Ag\u00eancia Brasil<\/p>\n","protected":false},"excerpt":{"rendered":"<p>O presidente do Senado, Davi Alcolumbre (DEM-AP), pediu que o corregedor da Casa, senador Roberto Rocha (PSDB-MA), apure a fraude na elei\u00e7\u00e3o da Mesa Diretora, nesse s\u00e1bado, 2. Embora estivessem presentes os 81 senadores, na urna de vota\u00e7\u00e3o, foram colocados 82 votos na elei\u00e7\u00e3o para a presid\u00eancia da Casa. Al\u00e9m do voto a mais, duas [&hellip;]<\/p>\n","protected":false},"author":96,"featured_media":133217,"comment_status":"closed","ping_status":"closed","sticky":false,"template":"","format":"standard","meta":{"footnotes":""},"categories":[436,262,254,439],"tags":[],"class_list":["post-133216","post","type-post","status-publish","format-standard","has-post-thumbnail","hentry","category-destaque-da-semana","category-noticias","category-politica","category-ultima-hora"],"_links":{"self":[{"href":"https:\/\/diarioregionaldigital.com.br\/index.php?rest_route=\/wp\/v2\/posts\/133216","targetHints":{"allow":["GET"]}}],"collection":[{"href":"https:\/\/diarioregionaldigital.com.br\/index.php?rest_route=\/wp\/v2\/posts"}],"about":[{"href":"https:\/\/diarioregionaldigital.com.br\/index.php?rest_route=\/wp\/v2\/types\/post"}],"author":[{"embeddable":true,"href":"https:\/\/diarioregionaldigital.com.br\/index.php?rest_route=\/wp\/v2\/users\/96"}],"replies":[{"embeddable":true,"href":"https:\/\/diarioregionaldigital.com.br\/index.php?rest_route=%2Fwp%2Fv2%2Fcomments&post=133216"}],"version-history":[{"count":0,"href":"https:\/\/diarioregionaldigital.com.br\/index.php?rest_route=\/wp\/v2\/posts\/133216\/revisions"}],"wp:featuredmedia":[{"embeddable":true,"href":"https:\/\/diarioregionaldigital.com.br\/index.php?rest_route=\/wp\/v2\/media\/133217"}],"wp:attachment":[{"href":"https:\/\/diarioregionaldigital.com.br\/index.php?rest_route=%2Fwp%2Fv2%2Fmedia&parent=133216"}],"wp:term":[{"taxonomy":"category","embeddable":true,"href":"https:\/\/diarioregionaldigital.com.br\/index.php?rest_route=%2Fwp%2Fv2%2Fcategories&post=133216"},{"taxonomy":"post_tag","embeddable":true,"href":"https:\/\/diarioregionaldigital.com.br\/index.php?rest_route=%2Fwp%2Fv2%2Ftags&post=133216"}],"curies":[{"name":"wp","href":"https:\/\/api.w.org\/{rel}","templated":true}]}}