{"id":133213,"date":"2019-02-06T15:21:24","date_gmt":"2019-02-06T17:21:24","guid":{"rendered":"https:\/\/diarioregionaldigital.com.br\/?p=133213"},"modified":"2019-02-06T15:21:24","modified_gmt":"2019-02-06T17:21:24","slug":"dados-da-inspecao-do-trabalho-revelam-perfil-dos-resgatados","status":"publish","type":"post","link":"https:\/\/diarioregionaldigital.com.br\/?p=133213","title":{"rendered":"Dados da Inspe\u00e7\u00e3o do Trabalho revelam perfil dos resgatados"},"content":{"rendered":"<p>Dados da fiscaliza\u00e7\u00e3o do combate ao trabalho an\u00e1logo ao de escravo em 2018, computados pela Inspe\u00e7\u00e3o do Trabalho, demonstram que 45% dos trabalhadores maiores de 18 anos resgatados pelas equipes de fiscaliza\u00e7\u00e3o nunca possu\u00edram um emprego formal antes da data do resgate, 57% deles tiveram nenhuma ou apenas uma admiss\u00e3o no mercado de trabalho formal e 72% obtiveram, no m\u00e1ximo, tr\u00eas admiss\u00f5es registradas no hist\u00f3rico laboral.<\/p>\n<p>As informa\u00e7\u00f5es, que t\u00eam como base dados do seguro-desemprego do trabalhador resgatado e do Cadastro Geral de Empregados e Desempregados (Caged), revelam tamb\u00e9m que 87% dos trabalhadores resgatados eram homens e 13%, mulheres; 22% deles tinham apenas at\u00e9 o 5\u00ba ano do ensino fundamental; 18% possu\u00edam ensino fundamental completo e 11% eram analfabetos.<\/p>\n<p>Quanto \u00e0 origem, 48% residiam no Nordeste, 28% do Sudeste, 13% do Norte, 10% do Centro-Oeste e 1% da regi\u00e3o Sul.<\/p>\n<p>Os dados revelam ainda que 70% dos resgatados eram solteiros; 72% se declararam pardos, 14%, negros, 12%, brancos, 1%, ind\u00edgenas e menos de 1%, de origem asi\u00e1tica.<\/p>\n<p>Em rela\u00e7\u00e3o \u00e0 naturalidade, os n\u00fameros acompanham a tend\u00eancia da distribui\u00e7\u00e3o por resid\u00eancia: 57% eram naturais do Nordeste, 21% do Sudeste, 9% do Norte, 8% do Centro-Oeste, 2% do Sul e 3% desconheciam o estado onde nasceram. Metade dos resgatados em 2018 nasceu nos estados da Bahia, Minas Gerais, Alagoas, Cear\u00e1 e Piau\u00ed.<\/p>\n<p>Os estados de maior resid\u00eancia dos resgatados foram Bahia, Minas Gerais, Alagoas, Piau\u00ed e S\u00e3o Paulo. Metade do total de resgatados possu\u00eda resid\u00eancia nesses estados. O munic\u00edpio de maior resid\u00eancia dos resgatados foi Feira Grande (AL), local informado por 78 trabalhadores resgatados.<\/p>\n<p><strong>Estat\u00edsticas<\/strong>\u00a0\u2013 No \u00a0ano passado foram encontrados pela fiscaliza\u00e7\u00e3o 1.723 trabalhadores, dos quais 1.113 foram resgatados pelas equipes de fiscaliza\u00e7\u00e3o. Foram pagos R$ 3, 4 milh\u00f5es aos resgatados em verbas salarias e rescis\u00f3rias, em decorr\u00eancia da interrup\u00e7\u00e3o imediata dos contratos de trabalho. Ocorreu a emiss\u00e3o de 1.048 guias de seguro-desemprego, que totalizaram R$ 2.505.040,00 de benef\u00edcio especial concedido aos trabalhadores v\u00edtimas de trabalho escravo.<\/p>\n<p>Segundo o chefe da Divis\u00e3o de Fiscaliza\u00e7\u00e3o para Erradica\u00e7\u00e3o do Trabalho Escravo (Detrae), o auditor-fiscal do Trabalho Maur\u00edcio Krepsky Fagundes, os resultados indicam que a redu\u00e7\u00e3o de trabalhadores \u00e0 condi\u00e7\u00e3o an\u00e1loga \u00e0 de escravo possui forte rela\u00e7\u00e3o com a informalidade e com o desemprego.<\/p>\n<p>\u201cDentre aqueles resgatados que j\u00e1 tinham um hist\u00f3rico de pelo menos uma admiss\u00e3o em emprego formal, 64% das \u00faltimas movimenta\u00e7\u00f5es do Caged foram demiss\u00f5es por iniciativa do empregador. Isso reflete uma consider\u00e1vel entrada de m\u00e3o de obra em um sistema de explora\u00e7\u00e3o abaixo de patamares m\u00ednimos de dignidade, origin\u00e1ria do desemprego involunt\u00e1rio. Dentre os trabalhadores estrangeiros resgatados, apenas 2% j\u00e1 tinham sido admitidos em um emprego formal\u201d, ressalta Maur\u00edcio Krepsky.<\/p>\n<p>Ele ressalta que, em 92% dos casos flagrados em 2018 pela Inspe\u00e7\u00e3o do Trabalho como condi\u00e7\u00f5es an\u00e1logas \u00e0 escravid\u00e3o, havia tamb\u00e9m informalidade. \u201cA informalidade est\u00e1 inserida como um forte componente inicial de explora\u00e7\u00e3o de trabalho an\u00e1logo \u00e0 escravid\u00e3o, sendo desde o in\u00edcio negados os direitos trabalhistas mais b\u00e1sicos, o que culmina em um conjunto de irregularidades que atingem a sa\u00fade e a seguran\u00e7a do trabalhador e fere tamb\u00e9m sua dignidade\u201d.<\/p>\n<p><strong>Trabalho cont\u00ednuo<\/strong>\u00a0\u2013 O Grupo Especial de Fiscaliza\u00e7\u00e3o M\u00f3vel (GEFM) atua em todo o territ\u00f3rio nacional desde 1995, quando o governo brasileiro admitiu a exist\u00eancia de trabalho escravo no pa\u00eds e foi iniciada a implementa\u00e7\u00e3o da pol\u00edtica p\u00fablica de combate ao trabalho escravo. Desde ent\u00e3o s\u00e3o mais de 53 mil trabalhadores e trabalhadoras resgatadas dessa condi\u00e7\u00e3o e mais de R$ 100 milh\u00f5es recebidos pelos trabalhadores a t\u00edtulo de verbas salariais e rescis\u00f3rias durante as opera\u00e7\u00f5es.<\/p>\n<p>As a\u00e7\u00f5es de combate ao trabalho an\u00e1logo ao de escravo s\u00e3o coordenadas pela Subsecretaria de Inspe\u00e7\u00e3o do Trabalho (SIT) em parceria com a Pol\u00edcia Rodovi\u00e1ria Federal (PRF), a Pol\u00edcia Federal (PF), o Minist\u00e9rio P\u00fablico do Trabalho (MPT), o Minist\u00e9rio P\u00fablico Federal (MPF) e a Defensoria P\u00fablica da Uni\u00e3o (DPU).<\/p>\n<p>As Se\u00e7\u00f5es de Inspe\u00e7\u00e3o do Trabalho, inseridas no \u00e2mbito das Superintend\u00eancias Regionais do Trabalho (SRTs) e das Ger\u00eancias Regionais do Trabalho (GRTs), desenvolvem atividades permanentes de combate ao trabalho escravo. No ano passado, 12 unidades regionais possu\u00edam atividades de fiscaliza\u00e7\u00e3o formalizadas, com metas anuais: Bahia, Goi\u00e1s, Minas Gerais, Mato Grosso do Sul, Mato Grosso, Par\u00e1, Piau\u00ed, Rio de Janeiro, Rio Grande do Norte, Santa Catarina, S\u00e3o Paulo e Tocantins. As demais unidades regionais atuam no combate ao trabalho escravo por meio de den\u00fancias, que pela gravidade do tema, recebem atendimento priorit\u00e1rio.<\/p>\n<p>As den\u00fancias de trabalho escravo podem ser feitas nas unidades do Minist\u00e9rio da Economia em todo pa\u00eds e tamb\u00e9m por meio do Disque Direitos Humanos (Disque 100).<\/p>\n<p>&nbsp;<\/p>\n<p>Fonte: Minist\u00e9rio do Trabalho<\/p>\n","protected":false},"excerpt":{"rendered":"<p>Dados da fiscaliza\u00e7\u00e3o do combate ao trabalho an\u00e1logo ao de escravo em 2018, computados pela Inspe\u00e7\u00e3o do Trabalho, demonstram que 45% dos trabalhadores maiores de 18 anos resgatados pelas equipes de fiscaliza\u00e7\u00e3o nunca possu\u00edram um emprego formal antes da data do resgate, 57% deles tiveram nenhuma ou apenas uma admiss\u00e3o no mercado de trabalho formal [&hellip;]<\/p>\n","protected":false},"author":96,"featured_media":133214,"comment_status":"closed","ping_status":"closed","sticky":false,"template":"","format":"standard","meta":{"footnotes":""},"categories":[302,436,262,439],"tags":[],"class_list":["post-133213","post","type-post","status-publish","format-standard","has-post-thumbnail","hentry","category-brasil-mundo","category-destaque-da-semana","category-noticias","category-ultima-hora"],"_links":{"self":[{"href":"https:\/\/diarioregionaldigital.com.br\/index.php?rest_route=\/wp\/v2\/posts\/133213","targetHints":{"allow":["GET"]}}],"collection":[{"href":"https:\/\/diarioregionaldigital.com.br\/index.php?rest_route=\/wp\/v2\/posts"}],"about":[{"href":"https:\/\/diarioregionaldigital.com.br\/index.php?rest_route=\/wp\/v2\/types\/post"}],"author":[{"embeddable":true,"href":"https:\/\/diarioregionaldigital.com.br\/index.php?rest_route=\/wp\/v2\/users\/96"}],"replies":[{"embeddable":true,"href":"https:\/\/diarioregionaldigital.com.br\/index.php?rest_route=%2Fwp%2Fv2%2Fcomments&post=133213"}],"version-history":[{"count":0,"href":"https:\/\/diarioregionaldigital.com.br\/index.php?rest_route=\/wp\/v2\/posts\/133213\/revisions"}],"wp:featuredmedia":[{"embeddable":true,"href":"https:\/\/diarioregionaldigital.com.br\/index.php?rest_route=\/wp\/v2\/media\/133214"}],"wp:attachment":[{"href":"https:\/\/diarioregionaldigital.com.br\/index.php?rest_route=%2Fwp%2Fv2%2Fmedia&parent=133213"}],"wp:term":[{"taxonomy":"category","embeddable":true,"href":"https:\/\/diarioregionaldigital.com.br\/index.php?rest_route=%2Fwp%2Fv2%2Fcategories&post=133213"},{"taxonomy":"post_tag","embeddable":true,"href":"https:\/\/diarioregionaldigital.com.br\/index.php?rest_route=%2Fwp%2Fv2%2Ftags&post=133213"}],"curies":[{"name":"wp","href":"https:\/\/api.w.org\/{rel}","templated":true}]}}