{"id":133210,"date":"2019-02-06T14:44:19","date_gmt":"2019-02-06T16:44:19","guid":{"rendered":"https:\/\/diarioregionaldigital.com.br\/?p=133210"},"modified":"2019-02-06T16:52:27","modified_gmt":"2019-02-06T18:52:27","slug":"mais-militares-do-corpo-de-bombeiros-de-juiz-de-fora-e-regiao-seguem-para-brumadinho","status":"publish","type":"post","link":"https:\/\/diarioregionaldigital.com.br\/?p=133210","title":{"rendered":"Mais militares do Corpo de Bombeiros de Juiz de Fora e regi\u00e3o seguem para Brumadinho"},"content":{"rendered":"<p>Um nova equipe de militares do Corpo de Bombeiros do 3\u00b0 Comando Operacional de Bombeiros, 3\u00b0 COB, vai sair de Juiz de Fora, na manh\u00e3 de quinta-feira, 7, com destino a Brumadinho.<\/p>\n<p>Ser\u00e3o 21 militares de Juiz de Fora, Ub\u00e1 e Barbacena. O novo grupo vai render a equipe, tamb\u00e9m de 21 militares do 3\u00b0 COB, das cidades de Juiz de Fora, Ub\u00e1, Muria\u00e9, Barbacena e S\u00e3o Jo\u00e3o Del Rei, que se deslocou para o munic\u00edpio no \u00faltimo dia 31 de janeiro. A previs\u00e3o \u00e9 que a equipe que ainda atua em Brumadinho chegue a Juiz de Fora na madrugada de sexta-feira, 8.<\/p>\n<p>O grupo que segue para Brumadinho possui especializa\u00e7\u00e3o em BREC \u2013 Busca e Resgaste em Estruturas Colapsadas \u2013 ou CSSEI \u2013Curso de Salvamento em Soterramento, Enchentes e Inunda\u00e7\u00f5es \u2013, estando aptos para desempenharem quaisquer fun\u00e7\u00f5es delegadas pelo comandante das Opera\u00e7\u00f5es.<\/p>\n<p><strong>Mortes confirmadas<\/strong><\/p>\n<p>At\u00e9 o fechamento desta mat\u00e9ria, o n\u00famero de mortes confirmadas na trag\u00e9dia chegou a 150. Os desaparecidos somam 182 pessoas e 134 corpos j\u00e1 foram identificados.<\/p>\n<p>&nbsp;<\/p>\n","protected":false},"excerpt":{"rendered":"<p>Um nova equipe de militares do Corpo de Bombeiros do 3\u00b0 Comando Operacional de Bombeiros, 3\u00b0 COB, vai sair de Juiz de Fora, na manh\u00e3 de quinta-feira, 7, com destino a Brumadinho. Ser\u00e3o 21 militares de Juiz de Fora, Ub\u00e1 e Barbacena. O novo grupo vai render a equipe, tamb\u00e9m de 21 militares do 3\u00b0 [&hellip;]<\/p>\n","protected":false},"author":96,"featured_media":132351,"comment_status":"closed","ping_status":"closed","sticky":false,"template":"","format":"standard","meta":{"footnotes":""},"categories":[253,436,439],"tags":[],"class_list":["post-133210","post","type-post","status-publish","format-standard","has-post-thumbnail","hentry","category-cidade","category-destaque-da-semana","category-ultima-hora"],"_links":{"self":[{"href":"https:\/\/diarioregionaldigital.com.br\/index.php?rest_route=\/wp\/v2\/posts\/133210","targetHints":{"allow":["GET"]}}],"collection":[{"href":"https:\/\/diarioregionaldigital.com.br\/index.php?rest_route=\/wp\/v2\/posts"}],"about":[{"href":"https:\/\/diarioregionaldigital.com.br\/index.php?rest_route=\/wp\/v2\/types\/post"}],"author":[{"embeddable":true,"href":"https:\/\/diarioregionaldigital.com.br\/index.php?rest_route=\/wp\/v2\/users\/96"}],"replies":[{"embeddable":true,"href":"https:\/\/diarioregionaldigital.com.br\/index.php?rest_route=%2Fwp%2Fv2%2Fcomments&post=133210"}],"version-history":[{"count":0,"href":"https:\/\/diarioregionaldigital.com.br\/index.php?rest_route=\/wp\/v2\/posts\/133210\/revisions"}],"wp:featuredmedia":[{"embeddable":true,"href":"https:\/\/diarioregionaldigital.com.br\/index.php?rest_route=\/wp\/v2\/media\/132351"}],"wp:attachment":[{"href":"https:\/\/diarioregionaldigital.com.br\/index.php?rest_route=%2Fwp%2Fv2%2Fmedia&parent=133210"}],"wp:term":[{"taxonomy":"category","embeddable":true,"href":"https:\/\/diarioregionaldigital.com.br\/index.php?rest_route=%2Fwp%2Fv2%2Fcategories&post=133210"},{"taxonomy":"post_tag","embeddable":true,"href":"https:\/\/diarioregionaldigital.com.br\/index.php?rest_route=%2Fwp%2Fv2%2Ftags&post=133210"}],"curies":[{"name":"wp","href":"https:\/\/api.w.org\/{rel}","templated":true}]}}