{"id":133197,"date":"2019-02-06T13:54:34","date_gmt":"2019-02-06T15:54:34","guid":{"rendered":"https:\/\/diarioregionaldigital.com.br\/?p=133197"},"modified":"2019-02-06T13:54:34","modified_gmt":"2019-02-06T15:54:34","slug":"producao-de-veiculos-cai-10-em-janeiro","status":"publish","type":"post","link":"https:\/\/diarioregionaldigital.com.br\/?p=133197","title":{"rendered":"Produ\u00e7\u00e3o de ve\u00edculos cai 10% em janeiro"},"content":{"rendered":"<p>A produ\u00e7\u00e3o de ve\u00edculos caiu 10% em janeiro na compara\u00e7\u00e3o com o mesmo m\u00eas do ano passado. Segundo balan\u00e7a divulgado nesta quarta-feira, 6, pela Associa\u00e7\u00e3o Nacional dos Fabricantes de Ve\u00edculos Automotores (Anfavea), foram fabricados 196,8 mil unidades no \u00faltimo m\u00eas, contra 218,7 mil em janeiro do ano passado.<\/p>\n<p>No acumulado dos \u00faltimos 12 meses, no entanto, houve crescimento 2,9% na produ\u00e7\u00e3o de ve\u00edculos. Sa\u00edram das montadoras 2,86 milh\u00f5es de unidades de fevereiro de 2018 a janeiro deste ano. No per\u00edodo anterior, foram fabricados 2,78 milh\u00f5es de ve\u00edculos.<\/p>\n<p>As vendas ca\u00edram 14,8% na compara\u00e7\u00e3o entre as 199,8 mil unidades licenciadas em janeiro e as 234,5 mil vendidas em dezembro. Em rela\u00e7\u00e3o a janeiro do ano passado, quando foram vendidos 181,3 mil ve\u00edculos, houve crescimento de 10,2%. No acumulado dos \u00faltimos 12 meses, as vendas tiveram alta de 13,7%, com a comercializa\u00e7\u00e3o de 2,58 milh\u00f5es de unidades.<\/p>\n<p>Em rela\u00e7\u00e3o a janeiro de 2018, o n\u00famero de pessoas empregadas no setor cresceu 1,2%, com 130,5 mil vagas abertas.<\/p>\n<p>&nbsp;<\/p>\n<p>Fonte: Ag\u00eancia Brasil<\/p>\n","protected":false},"excerpt":{"rendered":"<p>A produ\u00e7\u00e3o de ve\u00edculos caiu 10% em janeiro na compara\u00e7\u00e3o com o mesmo m\u00eas do ano passado. Segundo balan\u00e7a divulgado nesta quarta-feira, 6, pela Associa\u00e7\u00e3o Nacional dos Fabricantes de Ve\u00edculos Automotores (Anfavea), foram fabricados 196,8 mil unidades no \u00faltimo m\u00eas, contra 218,7 mil em janeiro do ano passado. No acumulado dos \u00faltimos 12 meses, no [&hellip;]<\/p>\n","protected":false},"author":96,"featured_media":109484,"comment_status":"closed","ping_status":"closed","sticky":false,"template":"","format":"standard","meta":{"footnotes":""},"categories":[436,261,262,439],"tags":[],"class_list":["post-133197","post","type-post","status-publish","format-standard","has-post-thumbnail","hentry","category-destaque-da-semana","category-economia","category-noticias","category-ultima-hora"],"_links":{"self":[{"href":"https:\/\/diarioregionaldigital.com.br\/index.php?rest_route=\/wp\/v2\/posts\/133197","targetHints":{"allow":["GET"]}}],"collection":[{"href":"https:\/\/diarioregionaldigital.com.br\/index.php?rest_route=\/wp\/v2\/posts"}],"about":[{"href":"https:\/\/diarioregionaldigital.com.br\/index.php?rest_route=\/wp\/v2\/types\/post"}],"author":[{"embeddable":true,"href":"https:\/\/diarioregionaldigital.com.br\/index.php?rest_route=\/wp\/v2\/users\/96"}],"replies":[{"embeddable":true,"href":"https:\/\/diarioregionaldigital.com.br\/index.php?rest_route=%2Fwp%2Fv2%2Fcomments&post=133197"}],"version-history":[{"count":0,"href":"https:\/\/diarioregionaldigital.com.br\/index.php?rest_route=\/wp\/v2\/posts\/133197\/revisions"}],"wp:featuredmedia":[{"embeddable":true,"href":"https:\/\/diarioregionaldigital.com.br\/index.php?rest_route=\/wp\/v2\/media\/109484"}],"wp:attachment":[{"href":"https:\/\/diarioregionaldigital.com.br\/index.php?rest_route=%2Fwp%2Fv2%2Fmedia&parent=133197"}],"wp:term":[{"taxonomy":"category","embeddable":true,"href":"https:\/\/diarioregionaldigital.com.br\/index.php?rest_route=%2Fwp%2Fv2%2Fcategories&post=133197"},{"taxonomy":"post_tag","embeddable":true,"href":"https:\/\/diarioregionaldigital.com.br\/index.php?rest_route=%2Fwp%2Fv2%2Ftags&post=133197"}],"curies":[{"name":"wp","href":"https:\/\/api.w.org\/{rel}","templated":true}]}}