{"id":133194,"date":"2019-02-06T13:44:19","date_gmt":"2019-02-06T15:44:19","guid":{"rendered":"https:\/\/diarioregionaldigital.com.br\/?p=133194"},"modified":"2019-02-06T13:44:19","modified_gmt":"2019-02-06T15:44:19","slug":"exoneracao-do-ministro-do-turismo-e-publicada-no-diario-oficial","status":"publish","type":"post","link":"https:\/\/diarioregionaldigital.com.br\/?p=133194","title":{"rendered":"Exonera\u00e7\u00e3o do ministro do Turismo \u00e9 publicada no Di\u00e1rio Oficial"},"content":{"rendered":"<p>A edi\u00e7\u00e3o desta quarta-feira, 6,do\u00a0Di\u00e1rio Oficial da Uni\u00e3o\u00a0traz publicada a\u00a0exonera\u00e7\u00e3o\u00a0do ministro do Turismo, Marcelo \u00c1lvaro Ant\u00f4nio. O decreto \u00e9 assinado pelo presidente Jair Bolsonaro. No texto, est\u00e1 escrito Marcelo Henrique Teixeira Dias, nome de batismo do ex-ministro.<\/p>\n<p>Reportagem do jornal\u00a0<em>Folha de S.Paulo\u00a0<\/em>aponta Marcelo Ant\u00f4nio como integrante de um esquema irregular para lan\u00e7ar candidatos &#8220;laranjas&#8221;, nas elei\u00e7\u00f5es, e assim desviar verbas eleitorais do Fundo Partid\u00e1rio, beneficiando-se do sistema.<\/p>\n<p>Reeleito por Minas Gerais, Marcelo Ant\u00f4nio foi o deputado federal mais votado do estado. H\u00e1 dois dias, na sua conta no Twitter, ele negou qualquer tipo de irregularidade.<\/p>\n<p>\u201cRefor\u00e7o que a distribui\u00e7\u00e3o do Fundo Partid\u00e1rio do PSL cumpriu rigorosamente o que determina a lei. Todas as contrata\u00e7\u00f5es da minha campanha foram aprovadas pela Justi\u00e7a Eleitoral\u201d, disse Marcelo Ant\u00f4nio, na mensagem publicada na segunda-feira (4). &#8220;Sou o alvo de uma mat\u00e9ria que deturpa os fatos e traz den\u00fancias vazias sobre nossa campanha em Minas Gerais\u201d, afirmou em outra mensagem.<\/p>\n<p>Fonte: Ag\u00eancia Brasil<\/p>\n","protected":false},"excerpt":{"rendered":"<p>A edi\u00e7\u00e3o desta quarta-feira, 6,do\u00a0Di\u00e1rio Oficial da Uni\u00e3o\u00a0traz publicada a\u00a0exonera\u00e7\u00e3o\u00a0do ministro do Turismo, Marcelo \u00c1lvaro Ant\u00f4nio. O decreto \u00e9 assinado pelo presidente Jair Bolsonaro. No texto, est\u00e1 escrito Marcelo Henrique Teixeira Dias, nome de batismo do ex-ministro. Reportagem do jornal\u00a0Folha de S.Paulo\u00a0aponta Marcelo Ant\u00f4nio como integrante de um esquema irregular para lan\u00e7ar candidatos &#8220;laranjas&#8221;, nas [&hellip;]<\/p>\n","protected":false},"author":96,"featured_media":133195,"comment_status":"closed","ping_status":"closed","sticky":false,"template":"","format":"standard","meta":{"footnotes":""},"categories":[436,262,254,439],"tags":[],"class_list":["post-133194","post","type-post","status-publish","format-standard","has-post-thumbnail","hentry","category-destaque-da-semana","category-noticias","category-politica","category-ultima-hora"],"_links":{"self":[{"href":"https:\/\/diarioregionaldigital.com.br\/index.php?rest_route=\/wp\/v2\/posts\/133194","targetHints":{"allow":["GET"]}}],"collection":[{"href":"https:\/\/diarioregionaldigital.com.br\/index.php?rest_route=\/wp\/v2\/posts"}],"about":[{"href":"https:\/\/diarioregionaldigital.com.br\/index.php?rest_route=\/wp\/v2\/types\/post"}],"author":[{"embeddable":true,"href":"https:\/\/diarioregionaldigital.com.br\/index.php?rest_route=\/wp\/v2\/users\/96"}],"replies":[{"embeddable":true,"href":"https:\/\/diarioregionaldigital.com.br\/index.php?rest_route=%2Fwp%2Fv2%2Fcomments&post=133194"}],"version-history":[{"count":0,"href":"https:\/\/diarioregionaldigital.com.br\/index.php?rest_route=\/wp\/v2\/posts\/133194\/revisions"}],"wp:featuredmedia":[{"embeddable":true,"href":"https:\/\/diarioregionaldigital.com.br\/index.php?rest_route=\/wp\/v2\/media\/133195"}],"wp:attachment":[{"href":"https:\/\/diarioregionaldigital.com.br\/index.php?rest_route=%2Fwp%2Fv2%2Fmedia&parent=133194"}],"wp:term":[{"taxonomy":"category","embeddable":true,"href":"https:\/\/diarioregionaldigital.com.br\/index.php?rest_route=%2Fwp%2Fv2%2Fcategories&post=133194"},{"taxonomy":"post_tag","embeddable":true,"href":"https:\/\/diarioregionaldigital.com.br\/index.php?rest_route=%2Fwp%2Fv2%2Ftags&post=133194"}],"curies":[{"name":"wp","href":"https:\/\/api.w.org\/{rel}","templated":true}]}}