{"id":133189,"date":"2019-02-06T12:26:50","date_gmt":"2019-02-06T14:26:50","guid":{"rendered":"https:\/\/diarioregionaldigital.com.br\/?p=133189"},"modified":"2019-02-06T12:26:50","modified_gmt":"2019-02-06T14:26:50","slug":"bolsonaro-segue-em-repouso-e-sem-compromissos-oficiais","status":"publish","type":"post","link":"https:\/\/diarioregionaldigital.com.br\/?p=133189","title":{"rendered":"Bolsonaro segue em repouso e sem compromissos oficiais"},"content":{"rendered":"<p>O presidente Jair Bolsonaro segue nesta quarta-feira, 6, em repouso para recupera\u00e7\u00e3o da cirurgia de reconstru\u00e7\u00e3o do intestino no Hospital Albert Einstein, na capital paulista. \u00c9 o d\u00e9cimo primeiro dia de interna\u00e7\u00e3o e n\u00e3o est\u00e3o previstos compromissos oficiais, segundo a assessoria de imprensa da Presid\u00eancia da Rep\u00fablica.<\/p>\n<p>Bolsonaro apresenta melhora com o aumento da movimenta\u00e7\u00e3o intestinal, que possibilitou a ingest\u00e3o de l\u00edquidos em associa\u00e7\u00e3o \u00e0 nutri\u00e7\u00e3o parenteral. O organismo do presidente teve boa evolu\u00e7\u00e3o ap\u00f3s a ingest\u00e3o de \u00e1gua.<\/p>\n<p>Segundo o \u00faltimo boletim, divulgado nessa segunda-feira, 4, \u00e0 noite, os exames laboratoriais mostraram boa evolu\u00e7\u00e3o. Bolsonaro foi submetido a tratamento com antibi\u00f3ticos por\u00a0ter\u00a0eleva\u00e7\u00e3o da temperatura &#8211; 37,3 \u00b0C &#8211;\u00a0e altera\u00e7\u00e3o de alguns exames laboratoriais, o que poderia indicar processo infeccioso.<\/p>\n<p>A previs\u00e3o \u00e9 que alta m\u00e9dica ocorra ap\u00f3s o tratamento com antibi\u00f3ticos, o que deve ocorrer na pr\u00f3xima semana. Ele permanece internado na unidade semi-intensiva e, por ordem m\u00e9dica, as visitas est\u00e3o restritas.<\/p>\n<p><em>Fonte: Ag\u00eancia Brasil<\/em><\/p>\n","protected":false},"excerpt":{"rendered":"<p>O presidente Jair Bolsonaro segue nesta quarta-feira, 6, em repouso para recupera\u00e7\u00e3o da cirurgia de reconstru\u00e7\u00e3o do intestino no Hospital Albert Einstein, na capital paulista. \u00c9 o d\u00e9cimo primeiro dia de interna\u00e7\u00e3o e n\u00e3o est\u00e3o previstos compromissos oficiais, segundo a assessoria de imprensa da Presid\u00eancia da Rep\u00fablica. Bolsonaro apresenta melhora com o aumento da movimenta\u00e7\u00e3o [&hellip;]<\/p>\n","protected":false},"author":96,"featured_media":0,"comment_status":"closed","ping_status":"closed","sticky":false,"template":"","format":"standard","meta":{"footnotes":""},"categories":[254,439],"tags":[],"class_list":["post-133189","post","type-post","status-publish","format-standard","hentry","category-politica","category-ultima-hora"],"_links":{"self":[{"href":"https:\/\/diarioregionaldigital.com.br\/index.php?rest_route=\/wp\/v2\/posts\/133189","targetHints":{"allow":["GET"]}}],"collection":[{"href":"https:\/\/diarioregionaldigital.com.br\/index.php?rest_route=\/wp\/v2\/posts"}],"about":[{"href":"https:\/\/diarioregionaldigital.com.br\/index.php?rest_route=\/wp\/v2\/types\/post"}],"author":[{"embeddable":true,"href":"https:\/\/diarioregionaldigital.com.br\/index.php?rest_route=\/wp\/v2\/users\/96"}],"replies":[{"embeddable":true,"href":"https:\/\/diarioregionaldigital.com.br\/index.php?rest_route=%2Fwp%2Fv2%2Fcomments&post=133189"}],"version-history":[{"count":0,"href":"https:\/\/diarioregionaldigital.com.br\/index.php?rest_route=\/wp\/v2\/posts\/133189\/revisions"}],"wp:attachment":[{"href":"https:\/\/diarioregionaldigital.com.br\/index.php?rest_route=%2Fwp%2Fv2%2Fmedia&parent=133189"}],"wp:term":[{"taxonomy":"category","embeddable":true,"href":"https:\/\/diarioregionaldigital.com.br\/index.php?rest_route=%2Fwp%2Fv2%2Fcategories&post=133189"},{"taxonomy":"post_tag","embeddable":true,"href":"https:\/\/diarioregionaldigital.com.br\/index.php?rest_route=%2Fwp%2Fv2%2Ftags&post=133189"}],"curies":[{"name":"wp","href":"https:\/\/api.w.org\/{rel}","templated":true}]}}