{"id":133187,"date":"2019-02-06T12:07:03","date_gmt":"2019-02-06T14:07:03","guid":{"rendered":"https:\/\/diarioregionaldigital.com.br\/?p=133187"},"modified":"2019-02-06T12:07:03","modified_gmt":"2019-02-06T14:07:03","slug":"alunos-de-creche-municipal-no-sao-pedro-estao-sem-professores","status":"publish","type":"post","link":"https:\/\/diarioregionaldigital.com.br\/?p=133187","title":{"rendered":"Alunos de creche municipal no S\u00e3o Pedro est\u00e3o sem professores"},"content":{"rendered":"<p>M\u00e3es do bairro S\u00e3o Pedro, regi\u00e3o Alta de Juiz de Fora, reclamam da falta de funcion\u00e1rios, na creche Municipal Leila de Mello F\u00e1vero. Segundo, Fernanda Martins, aut\u00f4noma, nessa ter\u00e7a-feira, 6, ao chegar na creche para deixar seu filho de tr\u00eas anos, ela foi informada, que deveria voltar com seu filho, pois, parte dos funcion\u00e1rios n\u00e3o foram trabalhar.<\/p>\n<p>O comunicado veio por parte dos funcion\u00e1rios que estavam presentes no local, que justificaram a aus\u00eancia dos colegas de trabalho, por falta de pagamento do vale transporte, o que impede o deslocamento at\u00e9 a creche.<\/p>\n<p>A aut\u00f4noma, conta que essa situa\u00e7\u00e3o se repetiu com v\u00e1rias m\u00e3es, e que n\u00e3o tem previs\u00e3o de normalizar. A orienta\u00e7\u00e3o recebida \u00e9 para antes das m\u00e3es levarem seus filhos, entrarem em contato com a creche, para verificar se a situa\u00e7\u00e3o foi resolvida.<\/p>\n<p><strong>POSICIONAMENTO<\/strong><\/p>\n<p>A Secretaria de Educa\u00e7\u00e3o informou que, conforme parceria firmada com a Associa\u00e7\u00e3o Municipal de Apoio Comunit\u00e1rio (AMAC), atrav\u00e9s do Termo de Colabora\u00e7\u00e3o, para atendimento de crian\u00e7as nas creches, a Prefeitura de Juiz de Fora realiza mensalmente o repasse financeiro. A utiliza\u00e7\u00e3o do recurso recebido \u00e9 definida pela Associa\u00e7\u00e3o, levando em considera\u00e7\u00e3o as necessidades do atendimento educacional firmado na parceria. Sendo assim, a recarga do cart\u00e3o de vale-transporte de seus funcion\u00e1rios \u00e9 de responsabilidade da AMAC.<\/p>\n<p>A reportagem do Di\u00e1rio Regional entrou em contato com a AMAC e n\u00e3o obteve respostas sobre o assunto.<\/p>\n<p>&nbsp;<\/p>\n","protected":false},"excerpt":{"rendered":"<p>M\u00e3es do bairro S\u00e3o Pedro, regi\u00e3o Alta de Juiz de Fora, reclamam da falta de funcion\u00e1rios, na creche Municipal Leila de Mello F\u00e1vero. Segundo, Fernanda Martins, aut\u00f4noma, nessa ter\u00e7a-feira, 6, ao chegar na creche para deixar seu filho de tr\u00eas anos, ela foi informada, que deveria voltar com seu filho, pois, parte dos funcion\u00e1rios n\u00e3o [&hellip;]<\/p>\n","protected":false},"author":96,"featured_media":130741,"comment_status":"closed","ping_status":"closed","sticky":false,"template":"","format":"standard","meta":{"footnotes":""},"categories":[253,439],"tags":[],"class_list":["post-133187","post","type-post","status-publish","format-standard","has-post-thumbnail","hentry","category-cidade","category-ultima-hora"],"_links":{"self":[{"href":"https:\/\/diarioregionaldigital.com.br\/index.php?rest_route=\/wp\/v2\/posts\/133187","targetHints":{"allow":["GET"]}}],"collection":[{"href":"https:\/\/diarioregionaldigital.com.br\/index.php?rest_route=\/wp\/v2\/posts"}],"about":[{"href":"https:\/\/diarioregionaldigital.com.br\/index.php?rest_route=\/wp\/v2\/types\/post"}],"author":[{"embeddable":true,"href":"https:\/\/diarioregionaldigital.com.br\/index.php?rest_route=\/wp\/v2\/users\/96"}],"replies":[{"embeddable":true,"href":"https:\/\/diarioregionaldigital.com.br\/index.php?rest_route=%2Fwp%2Fv2%2Fcomments&post=133187"}],"version-history":[{"count":0,"href":"https:\/\/diarioregionaldigital.com.br\/index.php?rest_route=\/wp\/v2\/posts\/133187\/revisions"}],"wp:featuredmedia":[{"embeddable":true,"href":"https:\/\/diarioregionaldigital.com.br\/index.php?rest_route=\/wp\/v2\/media\/130741"}],"wp:attachment":[{"href":"https:\/\/diarioregionaldigital.com.br\/index.php?rest_route=%2Fwp%2Fv2%2Fmedia&parent=133187"}],"wp:term":[{"taxonomy":"category","embeddable":true,"href":"https:\/\/diarioregionaldigital.com.br\/index.php?rest_route=%2Fwp%2Fv2%2Fcategories&post=133187"},{"taxonomy":"post_tag","embeddable":true,"href":"https:\/\/diarioregionaldigital.com.br\/index.php?rest_route=%2Fwp%2Fv2%2Ftags&post=133187"}],"curies":[{"name":"wp","href":"https:\/\/api.w.org\/{rel}","templated":true}]}}