{"id":133181,"date":"2019-02-06T08:40:58","date_gmt":"2019-02-06T10:40:58","guid":{"rendered":"https:\/\/diarioregionaldigital.com.br\/?p=133181"},"modified":"2019-02-06T12:12:29","modified_gmt":"2019-02-06T14:12:29","slug":"dupla-e-presa-por-furtar-materiais-de-malha-ferroviaria","status":"publish","type":"post","link":"https:\/\/diarioregionaldigital.com.br\/?p=133181","title":{"rendered":"Dupla \u00e9 presa por furtar materiais de malha ferrovi\u00e1ria"},"content":{"rendered":"<p>Nessa ter\u00e7a-feira, 5, dois homens de 36 e 38 anos, foram presos por furto e recepta\u00e7\u00e3o da malha ferrovi\u00e1ria em Juiz de Fora. De acordo com o Boletim de Ocorr\u00eancia (BO) eles foram localizados em um ferro-velho no bairro Barreira do Triunfo, zona Norte da cidade.\u00a0A Pol\u00edcia Militar apreendeu 26 placas de fixa\u00e7\u00e3o de dormente, 48 parafusos e dois grampos de fixa\u00e7\u00e3o e um ve\u00edculo. O caso ser\u00e1 investigado pela 3\u00aa Delegacia da Pol\u00edcia Civil.<\/p>\n","protected":false},"excerpt":{"rendered":"<p>Nessa ter\u00e7a-feira, 5, dois homens de 36 e 38 anos, foram presos por furto e recepta\u00e7\u00e3o da malha ferrovi\u00e1ria em Juiz de Fora. De acordo com o Boletim de Ocorr\u00eancia (BO) eles foram localizados em um ferro-velho no bairro Barreira do Triunfo, zona Norte da cidade.\u00a0A Pol\u00edcia Militar apreendeu 26 placas de fixa\u00e7\u00e3o de dormente, [&hellip;]<\/p>\n","protected":false},"author":96,"featured_media":0,"comment_status":"closed","ping_status":"closed","sticky":false,"template":"","format":"standard","meta":{"footnotes":""},"categories":[301,440,439],"tags":[],"class_list":["post-133181","post","type-post","status-publish","format-standard","hentry","category-artigos-policiais","category-destaques-do-dia","category-ultima-hora"],"_links":{"self":[{"href":"https:\/\/diarioregionaldigital.com.br\/index.php?rest_route=\/wp\/v2\/posts\/133181","targetHints":{"allow":["GET"]}}],"collection":[{"href":"https:\/\/diarioregionaldigital.com.br\/index.php?rest_route=\/wp\/v2\/posts"}],"about":[{"href":"https:\/\/diarioregionaldigital.com.br\/index.php?rest_route=\/wp\/v2\/types\/post"}],"author":[{"embeddable":true,"href":"https:\/\/diarioregionaldigital.com.br\/index.php?rest_route=\/wp\/v2\/users\/96"}],"replies":[{"embeddable":true,"href":"https:\/\/diarioregionaldigital.com.br\/index.php?rest_route=%2Fwp%2Fv2%2Fcomments&post=133181"}],"version-history":[{"count":0,"href":"https:\/\/diarioregionaldigital.com.br\/index.php?rest_route=\/wp\/v2\/posts\/133181\/revisions"}],"wp:attachment":[{"href":"https:\/\/diarioregionaldigital.com.br\/index.php?rest_route=%2Fwp%2Fv2%2Fmedia&parent=133181"}],"wp:term":[{"taxonomy":"category","embeddable":true,"href":"https:\/\/diarioregionaldigital.com.br\/index.php?rest_route=%2Fwp%2Fv2%2Fcategories&post=133181"},{"taxonomy":"post_tag","embeddable":true,"href":"https:\/\/diarioregionaldigital.com.br\/index.php?rest_route=%2Fwp%2Fv2%2Ftags&post=133181"}],"curies":[{"name":"wp","href":"https:\/\/api.w.org\/{rel}","templated":true}]}}