{"id":133178,"date":"2019-02-06T11:32:29","date_gmt":"2019-02-06T13:32:29","guid":{"rendered":"https:\/\/diarioregionaldigital.com.br\/?p=133178"},"modified":"2019-02-06T11:32:29","modified_gmt":"2019-02-06T13:32:29","slug":"juiz-determina-suspensao-de-eleicoes-indiretas","status":"publish","type":"post","link":"https:\/\/diarioregionaldigital.com.br\/?p=133178","title":{"rendered":"Juiz determina suspens\u00e3o de elei\u00e7\u00f5es indiretas"},"content":{"rendered":"<p>Na \u00faltima sexta feira, 1, \u00a0o juiz\u00a0Rafael Arrieiro Continentino, da comarca de Santa Maria do Sua\u00e7u\u00ed,\u00a0suspendeu as elei\u00e7\u00f5es indiretas para o cargo de prefeito do Munic\u00edpio de Santa Maria do Sua\u00e7u\u00ed, no leste mineiro. As elei\u00e7\u00f5es para a escolha de um\u00a0novo chefe do Executivo\u00a0dentre os vereadores da Casa Legislativa seriam realizadas em 3 de fevereiro, pela C\u00e2mara de Municipal.<\/p>\n<p>Em 3 de janeiro,\u00a0o vice-prefeito, que at\u00e9 ent\u00e3o chefiava o Executivo local, renunciou, fato\u00a0 amplamente divulgado pela imprensa. Diante da ren\u00fancia nos dois\u00a0\u00faltimos anos de mandato, seriam realizadas elei\u00e7\u00f5es indiretas, marcadas para um m\u00eas depois (03\/02\/2019), conforme disp\u00f5e a Lei Org\u00e2nica do Munic\u00edpio.<\/p>\n<p>Contudo, por suspeita de fraude nas elei\u00e7\u00f5es indiretas, o Minist\u00e9rio P\u00fablico do Estado de Minas Gerais promoveu a\u00e7\u00e3o judicial para a suspens\u00e3o das elei\u00e7\u00f5es.<\/p>\n<p>O magistrando, entendendo ser competente a Justi\u00e7a Estadual (e n\u00e3o a Justi\u00e7a Eleitoral) e considerando plaus\u00edveis as alega\u00e7\u00f5es do Minist\u00e9rio P\u00fablico, concedeu decis\u00e3o liminar suspendendo as elei\u00e7\u00f5es indiretas, nos termos do C\u00f3digo de Processo Civil.<\/p>\n<p>O processo ainda est\u00e1 tramitando na Justi\u00e7a do Estado de Minas Gerais, sendo que a C\u00e2mara de Vereadores j\u00e1 foi citada para o regular exerc\u00edcio do direito de defesa.<\/p>\n<p>O caso tramita em segredo de justi\u00e7a, portanto o n\u00famero do processo n\u00e3o ser\u00e1 divulgado.<\/p>\n<p><em>Fonte: TJMG<\/em><\/p>\n","protected":false},"excerpt":{"rendered":"<p>Na \u00faltima sexta feira, 1, \u00a0o juiz\u00a0Rafael Arrieiro Continentino, da comarca de Santa Maria do Sua\u00e7u\u00ed,\u00a0suspendeu as elei\u00e7\u00f5es indiretas para o cargo de prefeito do Munic\u00edpio de Santa Maria do Sua\u00e7u\u00ed, no leste mineiro. As elei\u00e7\u00f5es para a escolha de um\u00a0novo chefe do Executivo\u00a0dentre os vereadores da Casa Legislativa seriam realizadas em 3 de fevereiro, [&hellip;]<\/p>\n","protected":false},"author":96,"featured_media":0,"comment_status":"closed","ping_status":"closed","sticky":false,"template":"","format":"standard","meta":{"footnotes":""},"categories":[252,439],"tags":[],"class_list":["post-133178","post","type-post","status-publish","format-standard","hentry","category-regiao","category-ultima-hora"],"_links":{"self":[{"href":"https:\/\/diarioregionaldigital.com.br\/index.php?rest_route=\/wp\/v2\/posts\/133178","targetHints":{"allow":["GET"]}}],"collection":[{"href":"https:\/\/diarioregionaldigital.com.br\/index.php?rest_route=\/wp\/v2\/posts"}],"about":[{"href":"https:\/\/diarioregionaldigital.com.br\/index.php?rest_route=\/wp\/v2\/types\/post"}],"author":[{"embeddable":true,"href":"https:\/\/diarioregionaldigital.com.br\/index.php?rest_route=\/wp\/v2\/users\/96"}],"replies":[{"embeddable":true,"href":"https:\/\/diarioregionaldigital.com.br\/index.php?rest_route=%2Fwp%2Fv2%2Fcomments&post=133178"}],"version-history":[{"count":0,"href":"https:\/\/diarioregionaldigital.com.br\/index.php?rest_route=\/wp\/v2\/posts\/133178\/revisions"}],"wp:attachment":[{"href":"https:\/\/diarioregionaldigital.com.br\/index.php?rest_route=%2Fwp%2Fv2%2Fmedia&parent=133178"}],"wp:term":[{"taxonomy":"category","embeddable":true,"href":"https:\/\/diarioregionaldigital.com.br\/index.php?rest_route=%2Fwp%2Fv2%2Fcategories&post=133178"},{"taxonomy":"post_tag","embeddable":true,"href":"https:\/\/diarioregionaldigital.com.br\/index.php?rest_route=%2Fwp%2Fv2%2Ftags&post=133178"}],"curies":[{"name":"wp","href":"https:\/\/api.w.org\/{rel}","templated":true}]}}