{"id":133172,"date":"2019-02-06T10:19:58","date_gmt":"2019-02-06T12:19:58","guid":{"rendered":"https:\/\/diarioregionaldigital.com.br\/?p=133172"},"modified":"2019-02-06T10:19:58","modified_gmt":"2019-02-06T12:19:58","slug":"feira-da-saude-alerta-sobre-cancer","status":"publish","type":"post","link":"https:\/\/diarioregionaldigital.com.br\/?p=133172","title":{"rendered":"Feira da Sa\u00fade alerta sobre c\u00e2ncer"},"content":{"rendered":"<p>Neste s\u00e1bado, 9, \u00e0s 13h, o Plasc promove mais uma edi\u00e7\u00e3o da Feira da Sa\u00fade, com o tema \u201cPrevenindo o c\u00e2ncer\u201d, j\u00e1 que dia 4 de fevereiro \u00e9 a data em que a doen\u00e7a \u00e9 lembrada. O evento ser\u00e1 no Santa Cruz Shopping, em frente \u00e0 escadaria principal, pr\u00f3xima ao elevador.<\/p>\n<p>A Feira ir\u00e1 oferecer diversos exames gratuitos, como aferi\u00e7\u00e3o de press\u00e3o arterial e glicose, c\u00e1lculo de \u00cdndice de Massa Corporal (IMC) e medida de circunfer\u00eancia abdominal. Um m\u00e9dico estar\u00e1 \u00e0 disposi\u00e7\u00e3o dos participantes para orienta\u00e7\u00f5es. S\u00e3o esperadas 250 pessoas.<\/p>\n<p><b>Dia Mundial do C\u00e2ncer<\/b><\/p>\n<p>Em 04 de fevereiro \u00e9 lembrado o Dia Mundial do C\u00e2ncer, data criada pela Organiza\u00e7\u00e3o Mundial da Sa\u00fade (OMS) e pela Uni\u00e3o Internacional para o Controle do C\u00e2ncer (UICC) com o objetivo de refor\u00e7ar a import\u00e2ncia da preven\u00e7\u00e3o.<\/p>\n<p>Aproximadamente 14 milh\u00f5es de novos casos s\u00e3o registrados por ano no mundo, e a OMS calcula que essas notifica\u00e7\u00f5es devam subir 70% nas pr\u00f3ximas duas d\u00e9cadas.<\/p>\n<p>Os tipos de c\u00e2ncer mais comuns s\u00e3o: de pele, de pr\u00f3stata, de c\u00f3lon e reto, de pulm\u00e3o, de mama, de colo do \u00fatero e de est\u00f4mago. Segundo Maicon Bressan, m\u00e9dico do Vida Saud\u00e1vel Plasc, v\u00e1rios fatores podem causar a doen\u00e7a. \u201cTabagismo, uso abusivo de \u00e1lcool, sedentarismo, alimenta\u00e7\u00e3o pobre em frutas, legumes e vegetais e a hereditariedade para alguns tipos\u201d, explica Dr. Maicon.<\/p>\n<p>\u201cPortanto, para prevenir o c\u00e2ncer \u00e9 importante evitar a exposi\u00e7\u00e3o solar sem protetor entre 10h e 16h, a ingest\u00e3o de bebidas alco\u00f3licas e o consumo de carnes processadas. Tamb\u00e9m deve- se ter boa alimenta\u00e7\u00e3o e praticar atividade f\u00edsica. E mulheres entre 25 e 64 anos devem fazer o exame preventivo anualmente\u201d, conclui.<\/p>\n<p><em>Fonte: Assessoria<\/em><\/p>\n","protected":false},"excerpt":{"rendered":"<p>Neste s\u00e1bado, 9, \u00e0s 13h, o Plasc promove mais uma edi\u00e7\u00e3o da Feira da Sa\u00fade, com o tema \u201cPrevenindo o c\u00e2ncer\u201d, j\u00e1 que dia 4 de fevereiro \u00e9 a data em que a doen\u00e7a \u00e9 lembrada. O evento ser\u00e1 no Santa Cruz Shopping, em frente \u00e0 escadaria principal, pr\u00f3xima ao elevador. A Feira ir\u00e1 oferecer [&hellip;]<\/p>\n","protected":false},"author":96,"featured_media":130741,"comment_status":"closed","ping_status":"closed","sticky":false,"template":"","format":"standard","meta":{"footnotes":""},"categories":[253,439],"tags":[],"class_list":["post-133172","post","type-post","status-publish","format-standard","has-post-thumbnail","hentry","category-cidade","category-ultima-hora"],"_links":{"self":[{"href":"https:\/\/diarioregionaldigital.com.br\/index.php?rest_route=\/wp\/v2\/posts\/133172","targetHints":{"allow":["GET"]}}],"collection":[{"href":"https:\/\/diarioregionaldigital.com.br\/index.php?rest_route=\/wp\/v2\/posts"}],"about":[{"href":"https:\/\/diarioregionaldigital.com.br\/index.php?rest_route=\/wp\/v2\/types\/post"}],"author":[{"embeddable":true,"href":"https:\/\/diarioregionaldigital.com.br\/index.php?rest_route=\/wp\/v2\/users\/96"}],"replies":[{"embeddable":true,"href":"https:\/\/diarioregionaldigital.com.br\/index.php?rest_route=%2Fwp%2Fv2%2Fcomments&post=133172"}],"version-history":[{"count":0,"href":"https:\/\/diarioregionaldigital.com.br\/index.php?rest_route=\/wp\/v2\/posts\/133172\/revisions"}],"wp:featuredmedia":[{"embeddable":true,"href":"https:\/\/diarioregionaldigital.com.br\/index.php?rest_route=\/wp\/v2\/media\/130741"}],"wp:attachment":[{"href":"https:\/\/diarioregionaldigital.com.br\/index.php?rest_route=%2Fwp%2Fv2%2Fmedia&parent=133172"}],"wp:term":[{"taxonomy":"category","embeddable":true,"href":"https:\/\/diarioregionaldigital.com.br\/index.php?rest_route=%2Fwp%2Fv2%2Fcategories&post=133172"},{"taxonomy":"post_tag","embeddable":true,"href":"https:\/\/diarioregionaldigital.com.br\/index.php?rest_route=%2Fwp%2Fv2%2Ftags&post=133172"}],"curies":[{"name":"wp","href":"https:\/\/api.w.org\/{rel}","templated":true}]}}