{"id":133162,"date":"2019-02-06T08:37:29","date_gmt":"2019-02-06T10:37:29","guid":{"rendered":"https:\/\/diarioregionaldigital.com.br\/?p=133162"},"modified":"2019-02-06T08:37:29","modified_gmt":"2019-02-06T10:37:29","slug":"numero-de-mortos-confirmados-em-brumadinho-sobe-para-142","status":"publish","type":"post","link":"https:\/\/diarioregionaldigital.com.br\/?p=133162","title":{"rendered":"N\u00famero de mortos confirmados em Brumadinho sobe para 142"},"content":{"rendered":"<p>O n\u00famero de mortos confirmados em decorr\u00eancia da trag\u00e9dia do rompimento da barragem da Vale em Brumadinho (MG) subiu para 142. Destes, 122 foram identificados e 20 est\u00e3o sem reconhecimento. As informa\u00e7\u00f5es foram atualizadas pela Defesa Civil de Minas Gerais no fim da tarde desta ter\u00e7a-feira, 5.<\/p>\n<p>Segundo o boletim do \u00f3rg\u00e3o, ainda h\u00e1 194 desaparecidos, sendo 61 da listagem da Vale e 133 de trabalhadores terceirizados ou pessoas da comunidade. J\u00e1 os localizados totalizam 392, sendo 223 da lista da mineradora e 169 terceirizados ou da comunidade.<\/p>\n<p>No balan\u00e7o divulgado na \u00faltima segunda-feira, 4, haviam\u00a0sido registrados\u00a0134 pessoas mortas na trag\u00e9dia, 199 desaparecidas e 394 localizadas.<\/p>\n<p>Os dados da Defesa Civil atualizam tamb\u00e9m desabrigados e hospitalizados. No primeiro grupo encontram-se 103 pessoas, que foram deslocadas para alojamentos tempor\u00e1rios, como hoteis. Entre as pessoas em tratamento em hospitais restam tr\u00eas v\u00edtimas.<\/p>\n<h2>Soltura de presos<\/h2>\n<p>Nessa ter\u00e7a-feira, 5, o Superior Tribunal de Justi\u00e7a\u00a0decidiu pela soltura\u00a0de cinco pessoas presas no dia 29 de janeiro acusadas de envolvimento na trag\u00e9dia. Entre elas estavam engenheiros, ge\u00f3logos e outros t\u00e9cnicos da Vale e da empresa que assinou laudo assegurando as condi\u00e7\u00f5es de seguran\u00e7a da barragem.<\/p>\n<p><em>Fonte: Ag\u00eancia Brasil<\/em><\/p>\n","protected":false},"excerpt":{"rendered":"<p>O n\u00famero de mortos confirmados em decorr\u00eancia da trag\u00e9dia do rompimento da barragem da Vale em Brumadinho (MG) subiu para 142. Destes, 122 foram identificados e 20 est\u00e3o sem reconhecimento. As informa\u00e7\u00f5es foram atualizadas pela Defesa Civil de Minas Gerais no fim da tarde desta ter\u00e7a-feira, 5. Segundo o boletim do \u00f3rg\u00e3o, ainda h\u00e1 194 [&hellip;]<\/p>\n","protected":false},"author":96,"featured_media":0,"comment_status":"closed","ping_status":"closed","sticky":false,"template":"","format":"standard","meta":{"footnotes":""},"categories":[302,439],"tags":[],"class_list":["post-133162","post","type-post","status-publish","format-standard","hentry","category-brasil-mundo","category-ultima-hora"],"_links":{"self":[{"href":"https:\/\/diarioregionaldigital.com.br\/index.php?rest_route=\/wp\/v2\/posts\/133162","targetHints":{"allow":["GET"]}}],"collection":[{"href":"https:\/\/diarioregionaldigital.com.br\/index.php?rest_route=\/wp\/v2\/posts"}],"about":[{"href":"https:\/\/diarioregionaldigital.com.br\/index.php?rest_route=\/wp\/v2\/types\/post"}],"author":[{"embeddable":true,"href":"https:\/\/diarioregionaldigital.com.br\/index.php?rest_route=\/wp\/v2\/users\/96"}],"replies":[{"embeddable":true,"href":"https:\/\/diarioregionaldigital.com.br\/index.php?rest_route=%2Fwp%2Fv2%2Fcomments&post=133162"}],"version-history":[{"count":0,"href":"https:\/\/diarioregionaldigital.com.br\/index.php?rest_route=\/wp\/v2\/posts\/133162\/revisions"}],"wp:attachment":[{"href":"https:\/\/diarioregionaldigital.com.br\/index.php?rest_route=%2Fwp%2Fv2%2Fmedia&parent=133162"}],"wp:term":[{"taxonomy":"category","embeddable":true,"href":"https:\/\/diarioregionaldigital.com.br\/index.php?rest_route=%2Fwp%2Fv2%2Fcategories&post=133162"},{"taxonomy":"post_tag","embeddable":true,"href":"https:\/\/diarioregionaldigital.com.br\/index.php?rest_route=%2Fwp%2Fv2%2Ftags&post=133162"}],"curies":[{"name":"wp","href":"https:\/\/api.w.org\/{rel}","templated":true}]}}