{"id":133160,"date":"2019-02-06T08:32:34","date_gmt":"2019-02-06T10:32:34","guid":{"rendered":"https:\/\/diarioregionaldigital.com.br\/?p=133160"},"modified":"2019-02-06T08:32:34","modified_gmt":"2019-02-06T10:32:34","slug":"festividade-de-nossa-senhora-de-lourdes-tem-inicio-nas-igrejas-da-arquidiocese","status":"publish","type":"post","link":"https:\/\/diarioregionaldigital.com.br\/?p=133160","title":{"rendered":"Festividade de Nossa Senhora de Lourdes tem in\u00edcio nas igrejas da Arquidiocese"},"content":{"rendered":"<p>No pr\u00f3ximo dia 11 de fevereiro \u00e9 comemorado o dia de Nossa Senhora Lourdes, protetora dos enfermos. Na arquidiocese algumas igrejas s\u00e3o dedicadas \u00e0 sua devo\u00e7\u00e3o, elas possuem grandes festas que j\u00e1 foram iniciadas.<\/p>\n<p>Em Juiz de Fora, no bairro Francisco Bernardino sua novena \u00e9 celebrada todos os anos. Este ano acontece todos os dias \u00e0s 19h. No dia 11, acontecem missas ao longo do dia, encerrando a festividade com uma missa presidida por Dom Gil Ant\u00f4nio Moreira. No Alto Graja\u00fa tamb\u00e9m h\u00e1 uma igreja que est\u00e1 celebrando tal data, nessa comunidade a novena ocorre \u00e0s 19h30. A festa est\u00e1 adiantada para acabar um dia antes, por ser um domingo.<\/p>\n<p>Em Pedro Teixeira, a Matriz faz uma grande festa, com novena at\u00e9 o dia 10, sempre \u00e0s 19h. No dia dedicado a Nossa Senhora a programa\u00e7\u00e3o \u00e9 extensa, come\u00e7a \u00e0s 5h30 com alvorada e repicar de sinos. Ao longo do dia haver\u00e1 missas, ter\u00e7o, prociss\u00e3o at\u00e9 a gruta e outros eventos para arrecadar fundos para a par\u00f3quia.<\/p>\n<p><strong>Confira a programa\u00e7\u00e3o completa:<\/strong><\/p>\n<p><b><u>Par\u00f3quia Nossa Senhora de Lourdes \u2013 Francisco Bernardino<br \/>\n<\/u><\/b><i>*A Matriz fica na Av. Juscelino Kubitscheck, 790\u00a0<\/i><i>\u2010<\/i><i>\u00a0Bairro Francisco Bernardino<\/i><\/p>\n<p><b>At\u00e9 dia 10 de fevereiro \u2013 Novena<\/b><\/p>\n<p><b>Dia 6 de fevereiro \u2013 Quarta-feira<\/b><br \/>\n19h \u2013 Missa<\/p>\n<p><b>Dia 7 de fevereiro \u2013 Quinta-feira<\/b><br \/>\n09 \u00e0s 18h \u2013 Adora\u00e7\u00e3o ao Sant\u00edssimo<br \/>\n19h \u2013 Missa<\/p>\n<p><b>Dia 8 de fevereiro \u2013 Sexta-feira<\/b><br \/>\n19h \u2013 Missa<\/p>\n<p><b>Dia 9 de fevereiro \u2013 S\u00e1bado<\/b><br \/>\n19h \u2013 Missa<br \/>\n*Haver\u00e1 funcionamento de barraquinhas<\/p>\n<p><b>Dia 10 de fevereiro \u2013 Domingo<\/b><br \/>\n19h \u2013 Missa seguida de prociss\u00e3o<br \/>\n*Haver\u00e1 funcionamento de barraquinhas<\/p>\n<p><b>Dia 11 de fevereiro \u2013 Dia de Nossa Senhora de Lourdes<\/b><br \/>\n06h \u2013 Missa com a ben\u00e7\u00e3o do Sant\u00edssimo<br \/>\n15h \u2013 Missa com un\u00e7\u00e3o dos enfermos e ben\u00e7\u00e3o do Sant\u00edssimo<br \/>\n19h \u2013 Santa Missa presidida pelo arcebispo Dom Gil<br \/>\n*Haver\u00e1 funcionamento de barraquinhas<\/p>\n<p><b><u>Comunidade Nossa Senhora de Lourdes &#8211; Bairro Alto Graja\u00fa (pertencente \u00e0 Par\u00f3quia Nossa Senhora do L\u00edbano)<br \/>\n<\/u><\/b><i>*A comunidade fica na Rua Miguel Jacob, 415\u00a0<\/i><i>\u2010<\/i><i>\u00a0Bairro Alto Graja\u00fa<\/i><\/p>\n<p><b>At\u00e9 dia 9 de fevereiro \u2013 Novena<br \/>\n<\/b>19h30 \u2013 Missa<\/p>\n<p><b>Dia 10 de fevereiro \u2013 Festa de Nossa Senhora de Lourdes<br \/>\n<\/b>09h \u2013 Prociss\u00e3o saindo da Rua<b>\u00a0<\/b>Rosa Sffeir, 620<br \/>\n09h30 \u2013 Missa Solene<\/p>\n<p><b><u>Par\u00f3quia Nossa Senhora de Lourdes \u2013 Pedro Teixeira\/MG\u00a0<\/u><\/b><br \/>\n<i>*A Matriz fica na Pra\u00e7a Nossa Senhora de Lourdes, 160 \u2013 Centro<\/i><\/p>\n<p><b>At\u00e9 dia 10 de fevereiro \u2013 Novena<br \/>\n<\/b>19h \u2013 Missa na Matriz<\/p>\n<p><b>Dia 9 de fevereiro \u2013 S\u00e1bado<\/b><br \/>\n19h \u2013 Novena<br \/>\n20h \u2013 Leil\u00e3o de Prendas no Coreto da Pra\u00e7a<br \/>\n22h \u2013 Atra\u00e7\u00e3o musical na Pra\u00e7a<\/p>\n<p><b>Dia 10 de fevereiro \u2013 Domingo<br \/>\n<\/b>14h \u2013 Show de Pr\u00eamios<br \/>\n19h \u2013 Encerramento da Novena<br \/>\n20h \u2013 Leil\u00e3o de Prendas no Coreto da Pra\u00e7a<br \/>\n22h \u2013 Atra\u00e7\u00e3o musical na Pra\u00e7a<\/p>\n<p><b>Dia 11 de fevereiro \u2013 Dia de Nossa Senhora de Lourdes<br \/>\n<\/b>05h30 \u2013 Alvorada e repicar do sino da Matriz<br \/>\n06h \u2013 Caminhada para a gruta com reza do ter\u00e7o<br \/>\n06h30 \u2013 Celebra\u00e7\u00e3o Eucar\u00edstica na gruta<br \/>\n11h \u2013 Carreata com a Imagem<br \/>\n12h \u2013 Celebra\u00e7\u00e3o Eucar\u00edstica dedicada aos enfermos e idosos<br \/>\n13h \u2013 Leil\u00e3o de gado no Campo Central<br \/>\n16h \u2013 Leil\u00e3o de prendas no Coreto da Pra\u00e7a<br \/>\n18h \u2013 Missa solene. Ap\u00f3s a missa coroa\u00e7\u00e3o e prociss\u00e3o luminosa<br \/>\n20h \u2013 Queima de fogos<br \/>\n20h30 \u2013 Leil\u00e3o de Prendas no Coreto da Pra\u00e7a<b><\/b><\/p>\n<p><em>Fonte: Assessoria<\/em><br \/>\n<b><u><\/u><\/b><br \/>\n<b><u>\u00a0<\/u><\/b><\/p>\n","protected":false},"excerpt":{"rendered":"<p>No pr\u00f3ximo dia 11 de fevereiro \u00e9 comemorado o dia de Nossa Senhora Lourdes, protetora dos enfermos. Na arquidiocese algumas igrejas s\u00e3o dedicadas \u00e0 sua devo\u00e7\u00e3o, elas possuem grandes festas que j\u00e1 foram iniciadas. Em Juiz de Fora, no bairro Francisco Bernardino sua novena \u00e9 celebrada todos os anos. Este ano acontece todos os dias [&hellip;]<\/p>\n","protected":false},"author":96,"featured_media":130741,"comment_status":"closed","ping_status":"closed","sticky":false,"template":"","format":"standard","meta":{"footnotes":""},"categories":[253,439],"tags":[],"class_list":["post-133160","post","type-post","status-publish","format-standard","has-post-thumbnail","hentry","category-cidade","category-ultima-hora"],"_links":{"self":[{"href":"https:\/\/diarioregionaldigital.com.br\/index.php?rest_route=\/wp\/v2\/posts\/133160","targetHints":{"allow":["GET"]}}],"collection":[{"href":"https:\/\/diarioregionaldigital.com.br\/index.php?rest_route=\/wp\/v2\/posts"}],"about":[{"href":"https:\/\/diarioregionaldigital.com.br\/index.php?rest_route=\/wp\/v2\/types\/post"}],"author":[{"embeddable":true,"href":"https:\/\/diarioregionaldigital.com.br\/index.php?rest_route=\/wp\/v2\/users\/96"}],"replies":[{"embeddable":true,"href":"https:\/\/diarioregionaldigital.com.br\/index.php?rest_route=%2Fwp%2Fv2%2Fcomments&post=133160"}],"version-history":[{"count":0,"href":"https:\/\/diarioregionaldigital.com.br\/index.php?rest_route=\/wp\/v2\/posts\/133160\/revisions"}],"wp:featuredmedia":[{"embeddable":true,"href":"https:\/\/diarioregionaldigital.com.br\/index.php?rest_route=\/wp\/v2\/media\/130741"}],"wp:attachment":[{"href":"https:\/\/diarioregionaldigital.com.br\/index.php?rest_route=%2Fwp%2Fv2%2Fmedia&parent=133160"}],"wp:term":[{"taxonomy":"category","embeddable":true,"href":"https:\/\/diarioregionaldigital.com.br\/index.php?rest_route=%2Fwp%2Fv2%2Fcategories&post=133160"},{"taxonomy":"post_tag","embeddable":true,"href":"https:\/\/diarioregionaldigital.com.br\/index.php?rest_route=%2Fwp%2Fv2%2Ftags&post=133160"}],"curies":[{"name":"wp","href":"https:\/\/api.w.org\/{rel}","templated":true}]}}