{"id":133131,"date":"2019-02-05T18:51:45","date_gmt":"2019-02-05T20:51:45","guid":{"rendered":"https:\/\/diarioregionaldigital.com.br\/?p=133131"},"modified":"2019-02-05T18:51:45","modified_gmt":"2019-02-05T20:51:45","slug":"bolsonaro-diz-que-esta-em-plena-evolucao-e-feliz","status":"publish","type":"post","link":"https:\/\/diarioregionaldigital.com.br\/?p=133131","title":{"rendered":"Bolsonaro diz que est\u00e1 em \u201cplena evolu\u00e7\u00e3o\u201d e \u201cfeliz\u201d"},"content":{"rendered":"<p>O presidente Jair Bolsonaro disse nessa ter\u00e7a-feira, 5, que est\u00e1 em \u201cplena evolu\u00e7\u00e3o\u201d e \u201cfeliz\u201d em compartilhar este sentimento com todos. Em mensagem, postada na sua conta no Twitter, o presidente desejou um \u201cexcelente\u201d dia para todos. Nesta ter\u00e7a-feira, ele completa 11 dias de interna\u00e7\u00e3o ap\u00f3s a cirurgia para reconstru\u00e7\u00e3o do tr\u00e2nsito intestinal.<\/p>\n<p>\u201cH\u00e1 um gigantesco diferencial entre informar com imparcialidade e fazer milit\u00e2ncia maldosa. Meu estado de sa\u00fade neste momento encontra-se em plena evolu\u00e7\u00e3o e estou feliz em compartilhar este sentimento com todos! Um dia de cada vez! Uma excelente\u00a0ter\u00e7a-feira a todos\u201d, disse.<\/p>\n<p>O porta-voz da Presid\u00eancia, Ot\u00e1vio do R\u00eago Barros, informou que Bolsonaro foi submetido a tratamento com antibi\u00f3ticos ap\u00f3s apresentar\u00a0eleva\u00e7\u00e3o da temperatura &#8211; 37,3 \u00b0C &#8211;\u00a0e altera\u00e7\u00e3o de alguns exames laboratoriais, o que pode indicar processo infeccioso.<\/p>\n<p>Prevista para esta semana, a alta m\u00e9dica foi adiada em sete dias. Exames de imagem mostraram uma &#8220;cole\u00e7\u00e3o l\u00edquida&#8221; ao lado do intestino na regi\u00e3o da antiga colostomia, segundo o \u00faltimo boletim m\u00e9dico.<\/p>\n<p>O presidente est\u00e1 internado em unidade\u00a0de cuidados semi-intensivos. Ele permanece em jejum oral, com sonda nasog\u00e1strica e nutri\u00e7\u00e3o\u00a0parenteral (endovenosa) exclusiva.<\/p>\n<p>Fonte: Ag\u00eancia Brasil<\/p>\n","protected":false},"excerpt":{"rendered":"<p>O presidente Jair Bolsonaro disse nessa ter\u00e7a-feira, 5, que est\u00e1 em \u201cplena evolu\u00e7\u00e3o\u201d e \u201cfeliz\u201d em compartilhar este sentimento com todos. Em mensagem, postada na sua conta no Twitter, o presidente desejou um \u201cexcelente\u201d dia para todos. Nesta ter\u00e7a-feira, ele completa 11 dias de interna\u00e7\u00e3o ap\u00f3s a cirurgia para reconstru\u00e7\u00e3o do tr\u00e2nsito intestinal. \u201cH\u00e1 um [&hellip;]<\/p>\n","protected":false},"author":96,"featured_media":133132,"comment_status":"closed","ping_status":"closed","sticky":false,"template":"","format":"standard","meta":{"footnotes":""},"categories":[436,254,439],"tags":[],"class_list":["post-133131","post","type-post","status-publish","format-standard","has-post-thumbnail","hentry","category-destaque-da-semana","category-politica","category-ultima-hora"],"_links":{"self":[{"href":"https:\/\/diarioregionaldigital.com.br\/index.php?rest_route=\/wp\/v2\/posts\/133131","targetHints":{"allow":["GET"]}}],"collection":[{"href":"https:\/\/diarioregionaldigital.com.br\/index.php?rest_route=\/wp\/v2\/posts"}],"about":[{"href":"https:\/\/diarioregionaldigital.com.br\/index.php?rest_route=\/wp\/v2\/types\/post"}],"author":[{"embeddable":true,"href":"https:\/\/diarioregionaldigital.com.br\/index.php?rest_route=\/wp\/v2\/users\/96"}],"replies":[{"embeddable":true,"href":"https:\/\/diarioregionaldigital.com.br\/index.php?rest_route=%2Fwp%2Fv2%2Fcomments&post=133131"}],"version-history":[{"count":0,"href":"https:\/\/diarioregionaldigital.com.br\/index.php?rest_route=\/wp\/v2\/posts\/133131\/revisions"}],"wp:featuredmedia":[{"embeddable":true,"href":"https:\/\/diarioregionaldigital.com.br\/index.php?rest_route=\/wp\/v2\/media\/133132"}],"wp:attachment":[{"href":"https:\/\/diarioregionaldigital.com.br\/index.php?rest_route=%2Fwp%2Fv2%2Fmedia&parent=133131"}],"wp:term":[{"taxonomy":"category","embeddable":true,"href":"https:\/\/diarioregionaldigital.com.br\/index.php?rest_route=%2Fwp%2Fv2%2Fcategories&post=133131"},{"taxonomy":"post_tag","embeddable":true,"href":"https:\/\/diarioregionaldigital.com.br\/index.php?rest_route=%2Fwp%2Fv2%2Ftags&post=133131"}],"curies":[{"name":"wp","href":"https:\/\/api.w.org\/{rel}","templated":true}]}}