{"id":133056,"date":"2019-02-05T09:51:24","date_gmt":"2019-02-05T11:51:24","guid":{"rendered":"https:\/\/diarioregionaldigital.com.br\/?p=133056"},"modified":"2019-02-05T10:57:34","modified_gmt":"2019-02-05T12:57:34","slug":"comissao-de-seguranca-publica-realiza-reuniao-sobre-a-atuacao-da-guarda-municipal","status":"publish","type":"post","link":"https:\/\/diarioregionaldigital.com.br\/?p=133056","title":{"rendered":"Comiss\u00e3o de Seguran\u00e7a P\u00fablica realiza reuni\u00e3o sobre a atua\u00e7\u00e3o da Guarda Municipal"},"content":{"rendered":"<p>Diante da preocupa\u00e7\u00e3o com as condi\u00e7\u00f5es de trabalho da Guarda Municipal (GM), a Comiss\u00e3o de Seguran\u00e7a P\u00fablica da C\u00e2mara realizou reuni\u00e3o nessa segunda-feira, 4, na Secretaria de Seguran\u00e7a Urbana e Cidadania (Sesuc). Estavam presentes os vereadores Sargento Mello Casal (PTB), Marlon Siqueira (MDB), al\u00e9m de um representante do vereador Cido Reis (PSB).<\/p>\n<p>O secret\u00e1rio da Sesuc, Jos\u00e9 S\u00f3ter de Figueir\u00f4a, e a Comandante da GM, Emilce de Castro, apresentaram demandas e projetos da categoria. Em rela\u00e7\u00e3o ao equipamento disponibilizado para os servidores, destacou-se a situa\u00e7\u00e3o dos coletes que vencem em setembro e ser\u00e3o recolhidos pelo ex\u00e9rcito. Outros pontos exigem da assessoria jur\u00eddica, a elabora\u00e7\u00e3o do C\u00f3digo de \u00c9tica e a emiss\u00e3o da carteirinha de identidade profissional em papel moeda, que depende de revis\u00e3o da reda\u00e7\u00e3o.<\/p>\n<p>O secret\u00e1rio manifestou ainda, o desejo de implantar o Sistema \u00danico de Seguran\u00e7a P\u00fablica em Juiz de Fora, cujo plano ser\u00e1 colocado em vota\u00e7\u00e3o na C\u00e2mara Municipal e, que deve posteriormente, ser apresentado ao Ministro S\u00e9rgio Moro e, tamb\u00e9m implantar o Projeto \u201cJF MAIS SEGURA\u201d, que possui como um de seus eixos o fortalecimento da guarda municipal.<\/p>\n<p>Mello destacou que o objetivo da reuni\u00e3o foi oferecer apoio para a melhoria da GM, al\u00e9m de obter um retorno sobre o que foi discutido em audi\u00eancia p\u00fablica no \u00faltimo m\u00eas. Para o vereador, um dos principais pontos a ser trabalhado \u00e9 a obten\u00e7\u00e3o de recursos para a GM, o que j\u00e1 vem sendo debatido pela comiss\u00e3o. \u201cIremos buscar conv\u00eanios com as Secretarias que fazem uso do servi\u00e7o da guarda municipal. N\u00e3o d\u00e1 para manter uma Secretaria que precisa de equipamentos sem recurso, ent\u00e3o acredito que esse \u00e9 o caminho\u201d, afirmou.<\/p>\n<p>Figueir\u00f4a e Emilce ressaltaram, que possuem como objetivo proporcionar que mais guardas municipais exer\u00e7am suas atividades na rua. \u201cEu e a comandante queremos os servidores nas ruas. Temos muitos profissionais trabalhando em \u00f3rg\u00e3os municipais, mas \u00e9 preciso lembrar que a guarda possui dois clientes: um \u00e9 a prefeitura e o outro \u00e9 a popula\u00e7\u00e3o, que precisa da GM na rua\u201d, destacou o secret\u00e1rio. Emilce aproveitou a oportunidade para enfatizar que nas pr\u00f3ximas semanas a guarda estar\u00e1 atuando no Parque Halfeld, garantindo a seguran\u00e7a da popula\u00e7\u00e3o na \u201cOpera\u00e7\u00e3o Volta \u00e0s Aulas\u201d.<\/p>\n<p>Atualmente a guarda municipal conta com 93 servidores. Mas Casal lembrou, que a Lei Federal prev\u00ea ser pelo menos 200 guardas atuando no munic\u00edpio. Em 2018 foi anunciada a contrata\u00e7\u00e3o de mais 24 aprovados no concurso p\u00fablico, mas os profissionais ainda aguardam a realiza\u00e7\u00e3o de um curso de capacita\u00e7\u00e3o para serem efetivados. Figueir\u00f4a explica que toda a estrutura do curso j\u00e1 est\u00e1 montada e, aguarda apenas a compra de muni\u00e7\u00f5es para o treinamento com armas. \u201cN\u00f3s n\u00e3o podemos solicitar a compra de muni\u00e7\u00f5es, porque os guardas municipais n\u00e3o possuem porte de arma. Estamos aguardando resposta do Ex\u00e9rcito e, estudando outras alternativas junto ao Clube de Tiro Juizforano\u201d. O secret\u00e1rio afirmou, ainda, que o aumento do efetivo \u00e9 uma das principais demandas da GM.<\/p>\n<p><em>Fonte: C\u00e2mara<\/em><\/p>\n","protected":false},"excerpt":{"rendered":"<p>Diante da preocupa\u00e7\u00e3o com as condi\u00e7\u00f5es de trabalho da Guarda Municipal (GM), a Comiss\u00e3o de Seguran\u00e7a P\u00fablica da C\u00e2mara realizou reuni\u00e3o nessa segunda-feira, 4, na Secretaria de Seguran\u00e7a Urbana e Cidadania (Sesuc). Estavam presentes os vereadores Sargento Mello Casal (PTB), Marlon Siqueira (MDB), al\u00e9m de um representante do vereador Cido Reis (PSB). O secret\u00e1rio da [&hellip;]<\/p>\n","protected":false},"author":96,"featured_media":0,"comment_status":"closed","ping_status":"closed","sticky":false,"template":"","format":"standard","meta":{"footnotes":""},"categories":[253,436,440,439],"tags":[],"class_list":["post-133056","post","type-post","status-publish","format-standard","hentry","category-cidade","category-destaque-da-semana","category-destaques-do-dia","category-ultima-hora"],"_links":{"self":[{"href":"https:\/\/diarioregionaldigital.com.br\/index.php?rest_route=\/wp\/v2\/posts\/133056","targetHints":{"allow":["GET"]}}],"collection":[{"href":"https:\/\/diarioregionaldigital.com.br\/index.php?rest_route=\/wp\/v2\/posts"}],"about":[{"href":"https:\/\/diarioregionaldigital.com.br\/index.php?rest_route=\/wp\/v2\/types\/post"}],"author":[{"embeddable":true,"href":"https:\/\/diarioregionaldigital.com.br\/index.php?rest_route=\/wp\/v2\/users\/96"}],"replies":[{"embeddable":true,"href":"https:\/\/diarioregionaldigital.com.br\/index.php?rest_route=%2Fwp%2Fv2%2Fcomments&post=133056"}],"version-history":[{"count":0,"href":"https:\/\/diarioregionaldigital.com.br\/index.php?rest_route=\/wp\/v2\/posts\/133056\/revisions"}],"wp:attachment":[{"href":"https:\/\/diarioregionaldigital.com.br\/index.php?rest_route=%2Fwp%2Fv2%2Fmedia&parent=133056"}],"wp:term":[{"taxonomy":"category","embeddable":true,"href":"https:\/\/diarioregionaldigital.com.br\/index.php?rest_route=%2Fwp%2Fv2%2Fcategories&post=133056"},{"taxonomy":"post_tag","embeddable":true,"href":"https:\/\/diarioregionaldigital.com.br\/index.php?rest_route=%2Fwp%2Fv2%2Ftags&post=133056"}],"curies":[{"name":"wp","href":"https:\/\/api.w.org\/{rel}","templated":true}]}}