{"id":133041,"date":"2019-02-05T09:36:58","date_gmt":"2019-02-05T11:36:58","guid":{"rendered":"https:\/\/diarioregionaldigital.com.br\/?p=133041"},"modified":"2019-02-05T09:36:58","modified_gmt":"2019-02-05T11:36:58","slug":"policia-civil-realiza-operacao-anjos-da-noite","status":"publish","type":"post","link":"https:\/\/diarioregionaldigital.com.br\/?p=133041","title":{"rendered":"Pol\u00edcia Civil realiza opera\u00e7\u00e3o &#8216;Anjos da Noite&#8217;"},"content":{"rendered":"<p>Na madrugada desta ter\u00e7a-feira, 5, e na noite dessa segunda-feira, 4, a Pol\u00edcia Civil de Minas Gerais (PCMG) realizou a opera\u00e7\u00e3o &#8220;Anjos da Noite&#8221; em Juiz de Fora. O objetivo da a\u00e7\u00e3o foi o cumprimento de mandados de pris\u00e3o em desfavor de dois homens, 47 e 49 anos, pela pr\u00e1tica de homic\u00eddio tentado.<\/p>\n<p>Em nota, o titular da Delegacia Especializada de Antidrogas, Delegado Rog\u00e9rio Woyame explicou que a a\u00e7\u00e3o s\u00f3 foi poss\u00edvel ap\u00f3s chegar ao conhecimento da Pol\u00edcia Civil de que haviam sido expedidos os mandados, pelo tribunal do j\u00fari. &#8220;Foi, ent\u00e3o, montada a opera\u00e7\u00e3o policial para dar cumprimento a tais medidas&#8221;, explicou.<\/p>\n<p>O homem de 49 anos foi preso na noite dessa segunda-feira, 4, no bairro Grambery, zona Central da cidade. J\u00e1 o outro suspeito de 47 anos foi localizado na madrugada desta ter\u00e7a-feira, 5, no bairro S\u00e3o Benedito, zona Leste.<\/p>\n<p>A dupla praticou um homic\u00eddio tentando em 2011, no bairro S\u00e3o Benedito. De acordo com informa\u00e7\u00f5es da pol\u00edcia, eles j\u00e1 haviam sido condenados pelo ju\u00edzo do tribunal do j\u00fari e aguardavam recurso em liberdade antes da expedi\u00e7\u00e3o dos mandados.<\/p>\n","protected":false},"excerpt":{"rendered":"<p>Na madrugada desta ter\u00e7a-feira, 5, e na noite dessa segunda-feira, 4, a Pol\u00edcia Civil de Minas Gerais (PCMG) realizou a opera\u00e7\u00e3o &#8220;Anjos da Noite&#8221; em Juiz de Fora. O objetivo da a\u00e7\u00e3o foi o cumprimento de mandados de pris\u00e3o em desfavor de dois homens, 47 e 49 anos, pela pr\u00e1tica de homic\u00eddio tentado. Em nota, [&hellip;]<\/p>\n","protected":false},"author":96,"featured_media":97342,"comment_status":"closed","ping_status":"closed","sticky":false,"template":"","format":"standard","meta":{"footnotes":""},"categories":[301,439],"tags":[],"class_list":["post-133041","post","type-post","status-publish","format-standard","has-post-thumbnail","hentry","category-artigos-policiais","category-ultima-hora"],"_links":{"self":[{"href":"https:\/\/diarioregionaldigital.com.br\/index.php?rest_route=\/wp\/v2\/posts\/133041","targetHints":{"allow":["GET"]}}],"collection":[{"href":"https:\/\/diarioregionaldigital.com.br\/index.php?rest_route=\/wp\/v2\/posts"}],"about":[{"href":"https:\/\/diarioregionaldigital.com.br\/index.php?rest_route=\/wp\/v2\/types\/post"}],"author":[{"embeddable":true,"href":"https:\/\/diarioregionaldigital.com.br\/index.php?rest_route=\/wp\/v2\/users\/96"}],"replies":[{"embeddable":true,"href":"https:\/\/diarioregionaldigital.com.br\/index.php?rest_route=%2Fwp%2Fv2%2Fcomments&post=133041"}],"version-history":[{"count":0,"href":"https:\/\/diarioregionaldigital.com.br\/index.php?rest_route=\/wp\/v2\/posts\/133041\/revisions"}],"wp:featuredmedia":[{"embeddable":true,"href":"https:\/\/diarioregionaldigital.com.br\/index.php?rest_route=\/wp\/v2\/media\/97342"}],"wp:attachment":[{"href":"https:\/\/diarioregionaldigital.com.br\/index.php?rest_route=%2Fwp%2Fv2%2Fmedia&parent=133041"}],"wp:term":[{"taxonomy":"category","embeddable":true,"href":"https:\/\/diarioregionaldigital.com.br\/index.php?rest_route=%2Fwp%2Fv2%2Fcategories&post=133041"},{"taxonomy":"post_tag","embeddable":true,"href":"https:\/\/diarioregionaldigital.com.br\/index.php?rest_route=%2Fwp%2Fv2%2Ftags&post=133041"}],"curies":[{"name":"wp","href":"https:\/\/api.w.org\/{rel}","templated":true}]}}