{"id":133036,"date":"2019-02-05T08:43:39","date_gmt":"2019-02-05T10:43:39","guid":{"rendered":"https:\/\/diarioregionaldigital.com.br\/?p=133036"},"modified":"2019-02-05T08:43:39","modified_gmt":"2019-02-05T10:43:39","slug":"clinica-de-odonto-da-suprema-recruta-pacientes-para-atendimento-gratuito","status":"publish","type":"post","link":"https:\/\/diarioregionaldigital.com.br\/?p=133036","title":{"rendered":"Cl\u00ednica de Odonto da Suprema recruta pacientes para atendimento gratuito"},"content":{"rendered":"<p>A Cl\u00ednica de Odontologia da Faculdade de Ci\u00eancias M\u00e9dicas e da Sa\u00fade de Juiz de Fora\u00a0 &#8211; Suprema est\u00e1 captando pacientes para o procedimento de pr\u00f3tese total.<\/p>\n<p>Os atendimentos ser\u00e3o gratuitos e realizados no Campus da Suprema Juiz de Fora no dia 11 deste m\u00eas.<\/p>\n<p>Os cadastros podem ser feitos at\u00e9 o dia 07, quinta-feira, na Rua Doutor Dirceu de Andrade, n\u00famero 33, no bairro S\u00e3o Mateus. As vagas s\u00e3o limitadas.<\/p>\n<p>Para mais informa\u00e7\u00f5es basta entrar em contato\u00a0pelos telefones 2101-5071 e 2101-5081.<\/p>\n<p><em>Fonte: Assessoria<\/em><\/p>\n","protected":false},"excerpt":{"rendered":"<p>A Cl\u00ednica de Odontologia da Faculdade de Ci\u00eancias M\u00e9dicas e da Sa\u00fade de Juiz de Fora\u00a0 &#8211; Suprema est\u00e1 captando pacientes para o procedimento de pr\u00f3tese total. Os atendimentos ser\u00e3o gratuitos e realizados no Campus da Suprema Juiz de Fora no dia 11 deste m\u00eas. Os cadastros podem ser feitos at\u00e9 o dia 07, quinta-feira, [&hellip;]<\/p>\n","protected":false},"author":96,"featured_media":130741,"comment_status":"closed","ping_status":"closed","sticky":false,"template":"","format":"standard","meta":{"footnotes":""},"categories":[253,439],"tags":[],"class_list":["post-133036","post","type-post","status-publish","format-standard","has-post-thumbnail","hentry","category-cidade","category-ultima-hora"],"_links":{"self":[{"href":"https:\/\/diarioregionaldigital.com.br\/index.php?rest_route=\/wp\/v2\/posts\/133036","targetHints":{"allow":["GET"]}}],"collection":[{"href":"https:\/\/diarioregionaldigital.com.br\/index.php?rest_route=\/wp\/v2\/posts"}],"about":[{"href":"https:\/\/diarioregionaldigital.com.br\/index.php?rest_route=\/wp\/v2\/types\/post"}],"author":[{"embeddable":true,"href":"https:\/\/diarioregionaldigital.com.br\/index.php?rest_route=\/wp\/v2\/users\/96"}],"replies":[{"embeddable":true,"href":"https:\/\/diarioregionaldigital.com.br\/index.php?rest_route=%2Fwp%2Fv2%2Fcomments&post=133036"}],"version-history":[{"count":0,"href":"https:\/\/diarioregionaldigital.com.br\/index.php?rest_route=\/wp\/v2\/posts\/133036\/revisions"}],"wp:featuredmedia":[{"embeddable":true,"href":"https:\/\/diarioregionaldigital.com.br\/index.php?rest_route=\/wp\/v2\/media\/130741"}],"wp:attachment":[{"href":"https:\/\/diarioregionaldigital.com.br\/index.php?rest_route=%2Fwp%2Fv2%2Fmedia&parent=133036"}],"wp:term":[{"taxonomy":"category","embeddable":true,"href":"https:\/\/diarioregionaldigital.com.br\/index.php?rest_route=%2Fwp%2Fv2%2Fcategories&post=133036"},{"taxonomy":"post_tag","embeddable":true,"href":"https:\/\/diarioregionaldigital.com.br\/index.php?rest_route=%2Fwp%2Fv2%2Ftags&post=133036"}],"curies":[{"name":"wp","href":"https:\/\/api.w.org\/{rel}","templated":true}]}}