{"id":132914,"date":"2019-02-04T10:42:25","date_gmt":"2019-02-04T12:42:25","guid":{"rendered":"https:\/\/diarioregionaldigital.com.br\/?p=132914"},"modified":"2019-02-04T10:42:25","modified_gmt":"2019-02-04T12:42:25","slug":"bombeiros-desmentem-que-sirene-tenha-sido-acionada-nesta-madrugada","status":"publish","type":"post","link":"https:\/\/diarioregionaldigital.com.br\/?p=132914","title":{"rendered":"Bombeiros desmentem que sirene tenha sido acionada nesta madrugada"},"content":{"rendered":"<p>O Corpo de Bombeiros Militar de Minas Gerais desmentiu nesta segunda-feira, 4, a informa\u00e7\u00e3o de que sirenes tenham sido acionadas pela mineradora Vale na regi\u00e3o de Brumadinho, onde a barragem da Mina do C\u00f3rrego do Feij\u00e3o se rompeu em 25 de janeiro.<\/p>\n<p>A informa\u00e7\u00e3o havia circulado nas redes sociais durante a madrugada.<\/p>\n<p>\u201cA informa\u00e7\u00e3o n\u00e3o procede\u201d, destacou a corpora\u00e7\u00e3o, por meio de nota. \u201cParece que teve um som, mas n\u00e3o foi proveniente da regi\u00e3o afetada pelo rompimento da barragem ou de outra barragem da Vale\u201d, completou. O barulho, segundo o comunicado, seria de uma empresa localizada nos arredores.<\/p>\n<h3><strong>Drone<\/strong><\/h3>\n<p>O Corpo de Bombeiros do estado informou ainda que um operador de drone foi preso na manh\u00e3 de hoje. As equipes que atuam na regi\u00e3o utilizam um radar capaz de detectar a posi\u00e7\u00e3o do aparelho e tamb\u00e9m do operador.<\/p>\n<p><em>Fonte: Ag\u00eancia Brasil<\/em><\/p>\n","protected":false},"excerpt":{"rendered":"<p>O Corpo de Bombeiros Militar de Minas Gerais desmentiu nesta segunda-feira, 4, a informa\u00e7\u00e3o de que sirenes tenham sido acionadas pela mineradora Vale na regi\u00e3o de Brumadinho, onde a barragem da Mina do C\u00f3rrego do Feij\u00e3o se rompeu em 25 de janeiro. A informa\u00e7\u00e3o havia circulado nas redes sociais durante a madrugada. \u201cA informa\u00e7\u00e3o n\u00e3o [&hellip;]<\/p>\n","protected":false},"author":96,"featured_media":0,"comment_status":"closed","ping_status":"closed","sticky":false,"template":"","format":"standard","meta":{"footnotes":""},"categories":[302,439],"tags":[],"class_list":["post-132914","post","type-post","status-publish","format-standard","hentry","category-brasil-mundo","category-ultima-hora"],"_links":{"self":[{"href":"https:\/\/diarioregionaldigital.com.br\/index.php?rest_route=\/wp\/v2\/posts\/132914","targetHints":{"allow":["GET"]}}],"collection":[{"href":"https:\/\/diarioregionaldigital.com.br\/index.php?rest_route=\/wp\/v2\/posts"}],"about":[{"href":"https:\/\/diarioregionaldigital.com.br\/index.php?rest_route=\/wp\/v2\/types\/post"}],"author":[{"embeddable":true,"href":"https:\/\/diarioregionaldigital.com.br\/index.php?rest_route=\/wp\/v2\/users\/96"}],"replies":[{"embeddable":true,"href":"https:\/\/diarioregionaldigital.com.br\/index.php?rest_route=%2Fwp%2Fv2%2Fcomments&post=132914"}],"version-history":[{"count":0,"href":"https:\/\/diarioregionaldigital.com.br\/index.php?rest_route=\/wp\/v2\/posts\/132914\/revisions"}],"wp:attachment":[{"href":"https:\/\/diarioregionaldigital.com.br\/index.php?rest_route=%2Fwp%2Fv2%2Fmedia&parent=132914"}],"wp:term":[{"taxonomy":"category","embeddable":true,"href":"https:\/\/diarioregionaldigital.com.br\/index.php?rest_route=%2Fwp%2Fv2%2Fcategories&post=132914"},{"taxonomy":"post_tag","embeddable":true,"href":"https:\/\/diarioregionaldigital.com.br\/index.php?rest_route=%2Fwp%2Fv2%2Ftags&post=132914"}],"curies":[{"name":"wp","href":"https:\/\/api.w.org\/{rel}","templated":true}]}}