{"id":132911,"date":"2019-02-04T08:00:54","date_gmt":"2019-02-04T10:00:54","guid":{"rendered":"https:\/\/diarioregionaldigital.com.br\/?p=132911"},"modified":"2019-02-04T10:30:19","modified_gmt":"2019-02-04T12:30:19","slug":"sisu-termina-nesta-segunda-prazo-de-matricula-em-instituicoes-de-ensino","status":"publish","type":"post","link":"https:\/\/diarioregionaldigital.com.br\/?p=132911","title":{"rendered":"Sisu: termina nesta segunda prazo de matr\u00edcula em institui\u00e7\u00f5es de ensino"},"content":{"rendered":"<p>Termina nesta segunda-feira, 4, para que os estudantes selecionados no Sistema de Sele\u00e7\u00e3o Unificada (Sisu) fa\u00e7am matr\u00edcula nas institui\u00e7\u00f5es de ensino. Os estudantes devem verificar os hor\u00e1rios e locais de atendimento definidos pelas institui\u00e7\u00e3o em edital pr\u00f3prio.<\/p>\n<p>Quem tiver o interesse e preencher os requisitos pode pleitear assist\u00eancia estudantil para cobrir custos como transporte e moradia. Segundo o Minist\u00e9rio da Educa\u00e7\u00e3o (MEC), os programas de assist\u00eancia estudantil s\u00e3o implementados diretamente pelas institui\u00e7\u00f5es, por isso, os candidatos devem buscar informa\u00e7\u00f5es na pr\u00f3pria institui\u00e7\u00e3o de ensino.<\/p>\n<p>O resultado do Sisu est\u00e1 dispon\u00edvel desde o dia 28, na p\u00e1gina do programa. O per\u00edodo de matr\u00edcula come\u00e7ou no \u00faltimo dia 30.<\/p>\n<h2>Lista de espera<\/h2>\n<p>Os estudantes que n\u00e3o foram aprovados em nenhuma das op\u00e7\u00f5es de curso podem integrar, at\u00e9 nesta ter\u00e7a-feira, 5, a lista de espera do programa. A ades\u00e3o pode ser feita na p\u00e1gina do Sisu. Os candidatos podem escolher entrar na lista de espera para a primeira ou para a segunda op\u00e7\u00e3o de curso feita na hora da inscri\u00e7\u00e3o. Os alunos na lista ser\u00e3o convocados pelas pr\u00f3prias institui\u00e7\u00f5es de ensino a partir do dia 7 de fevereiro.<\/p>\n<p>A partir desta edi\u00e7\u00e3o do Sisu, os estudantes selecionados em qualquer uma das duas op\u00e7\u00f5es n\u00e3o poder\u00e3o participar da lista de espera. At\u00e9 o ano passado, os selecionados na segunda podiam ainda participar da lista e ter a chance de ser escolhido na primeira op\u00e7\u00e3o.<\/p>\n<p>Ao todo, o Sisu oferece, nesta edi\u00e7\u00e3o, 235.461 vagas em 129 institui\u00e7\u00f5es p\u00fablicas de todo o pa\u00eds. Puderam se inscrever no programa os estudantes que fizeram o Enem 2018 e obtiveram nota acima de zero na prova de reda\u00e7\u00e3o. Segundo o MEC, mais de\u00a0<a href=\"http:\/\/agenciabrasil.ebc.com.br\/educacao\/noticia\/2019-01\/sisu-tem-18-milhao-de-estudantes-inscritos?amp\" target=\"_blank\" rel=\"noopener\">1,8 milh\u00e3o de candidatos<\/a>\u00a0se inscreveram.<\/p>\n<p><em>Fonte: Ag\u00eancia Brasil<\/em><\/p>\n","protected":false},"excerpt":{"rendered":"<p>Termina nesta segunda-feira, 4, para que os estudantes selecionados no Sistema de Sele\u00e7\u00e3o Unificada (Sisu) fa\u00e7am matr\u00edcula nas institui\u00e7\u00f5es de ensino. Os estudantes devem verificar os hor\u00e1rios e locais de atendimento definidos pelas institui\u00e7\u00e3o em edital pr\u00f3prio. Quem tiver o interesse e preencher os requisitos pode pleitear assist\u00eancia estudantil para cobrir custos como transporte e [&hellip;]<\/p>\n","protected":false},"author":96,"featured_media":0,"comment_status":"closed","ping_status":"closed","sticky":false,"template":"","format":"standard","meta":{"footnotes":""},"categories":[436,440,439],"tags":[],"class_list":["post-132911","post","type-post","status-publish","format-standard","hentry","category-destaque-da-semana","category-destaques-do-dia","category-ultima-hora"],"_links":{"self":[{"href":"https:\/\/diarioregionaldigital.com.br\/index.php?rest_route=\/wp\/v2\/posts\/132911","targetHints":{"allow":["GET"]}}],"collection":[{"href":"https:\/\/diarioregionaldigital.com.br\/index.php?rest_route=\/wp\/v2\/posts"}],"about":[{"href":"https:\/\/diarioregionaldigital.com.br\/index.php?rest_route=\/wp\/v2\/types\/post"}],"author":[{"embeddable":true,"href":"https:\/\/diarioregionaldigital.com.br\/index.php?rest_route=\/wp\/v2\/users\/96"}],"replies":[{"embeddable":true,"href":"https:\/\/diarioregionaldigital.com.br\/index.php?rest_route=%2Fwp%2Fv2%2Fcomments&post=132911"}],"version-history":[{"count":0,"href":"https:\/\/diarioregionaldigital.com.br\/index.php?rest_route=\/wp\/v2\/posts\/132911\/revisions"}],"wp:attachment":[{"href":"https:\/\/diarioregionaldigital.com.br\/index.php?rest_route=%2Fwp%2Fv2%2Fmedia&parent=132911"}],"wp:term":[{"taxonomy":"category","embeddable":true,"href":"https:\/\/diarioregionaldigital.com.br\/index.php?rest_route=%2Fwp%2Fv2%2Fcategories&post=132911"},{"taxonomy":"post_tag","embeddable":true,"href":"https:\/\/diarioregionaldigital.com.br\/index.php?rest_route=%2Fwp%2Fv2%2Ftags&post=132911"}],"curies":[{"name":"wp","href":"https:\/\/api.w.org\/{rel}","templated":true}]}}