{"id":132887,"date":"2019-02-02T18:56:09","date_gmt":"2019-02-02T20:56:09","guid":{"rendered":"https:\/\/diarioregionaldigital.com.br\/?p=132887"},"modified":"2019-02-02T18:56:09","modified_gmt":"2019-02-02T20:56:09","slug":"carro-se-parte-ao-meio-em-acidente-proximo-ao-trevo-de-itamuri-e-4-pessoas-ficam-feridas","status":"publish","type":"post","link":"https:\/\/diarioregionaldigital.com.br\/?p=132887","title":{"rendered":"Carro se parte ao meio em acidente pr\u00f3ximo ao Trevo de Itamuri e 4 pessoas ficam feridas"},"content":{"rendered":"<p>O Corpo de Bombeiros de Muria\u00e9 foi acionado com urg\u00eancia \u00e0s 15h10 deste s\u00e1bado para comparecer na BR-116, pr\u00f3ximo ao Trevo de Itamuri (15 Km de Muria\u00e9-MG), onde dois ve\u00edculos havia batido violentamente e no local haviam feridos.<\/p>\n<p>Ao chegar ao local citado, os bombeiros depararam com um ve\u00edculo fora da pista e o outro na pista, sendo que no carro placa de Osasco-SP que estava sobre a pista havia quatro feridos, sendo duas mulheres no banco traseiro, uma delas com fratura e a outra com escoria\u00e7\u00f5es e na banco da frente dois homens, um reclamava de dores no peito e o outro dispensou atendimento. O motorista do ve\u00edculo Tempra, placa de Muria\u00e9-MG n\u00e3o permaneceu no local, n\u00e3o sabendo ainda o motivo e ele n\u00e3o teria se machucado, conforme relato de testemunhas passado \u00e0 Pol\u00edcia Rodovi\u00e1ria Federal que assumiu a ocorr\u00eancia.<\/p>\n<div style=\"width: 717px\" class=\"wp-caption aligncenter\"><img loading=\"lazy\" decoding=\"async\" src=\"http:\/\/silvanalves.com.br\/portal\/wp-content\/uploads\/2019\/02\/WhatsApp-Image-2019-02-02-at-15.45.52_707x530.jpeg\" alt=\"\" width=\"707\" height=\"530\" \/><p class=\"wp-caption-text\">Foto: Silvan Alves<\/p><\/div>\n<p>Fonte: Silvan Alves<\/p>\n<p>&nbsp;<\/p>\n","protected":false},"excerpt":{"rendered":"<p>O Corpo de Bombeiros de Muria\u00e9 foi acionado com urg\u00eancia \u00e0s 15h10 deste s\u00e1bado para comparecer na BR-116, pr\u00f3ximo ao Trevo de Itamuri (15 Km de Muria\u00e9-MG), onde dois ve\u00edculos havia batido violentamente e no local haviam feridos. Ao chegar ao local citado, os bombeiros depararam com um ve\u00edculo fora da pista e o outro [&hellip;]<\/p>\n","protected":false},"author":96,"featured_media":132888,"comment_status":"closed","ping_status":"closed","sticky":false,"template":"","format":"standard","meta":{"footnotes":""},"categories":[436,252,439],"tags":[],"class_list":["post-132887","post","type-post","status-publish","format-standard","has-post-thumbnail","hentry","category-destaque-da-semana","category-regiao","category-ultima-hora"],"_links":{"self":[{"href":"https:\/\/diarioregionaldigital.com.br\/index.php?rest_route=\/wp\/v2\/posts\/132887","targetHints":{"allow":["GET"]}}],"collection":[{"href":"https:\/\/diarioregionaldigital.com.br\/index.php?rest_route=\/wp\/v2\/posts"}],"about":[{"href":"https:\/\/diarioregionaldigital.com.br\/index.php?rest_route=\/wp\/v2\/types\/post"}],"author":[{"embeddable":true,"href":"https:\/\/diarioregionaldigital.com.br\/index.php?rest_route=\/wp\/v2\/users\/96"}],"replies":[{"embeddable":true,"href":"https:\/\/diarioregionaldigital.com.br\/index.php?rest_route=%2Fwp%2Fv2%2Fcomments&post=132887"}],"version-history":[{"count":0,"href":"https:\/\/diarioregionaldigital.com.br\/index.php?rest_route=\/wp\/v2\/posts\/132887\/revisions"}],"wp:featuredmedia":[{"embeddable":true,"href":"https:\/\/diarioregionaldigital.com.br\/index.php?rest_route=\/wp\/v2\/media\/132888"}],"wp:attachment":[{"href":"https:\/\/diarioregionaldigital.com.br\/index.php?rest_route=%2Fwp%2Fv2%2Fmedia&parent=132887"}],"wp:term":[{"taxonomy":"category","embeddable":true,"href":"https:\/\/diarioregionaldigital.com.br\/index.php?rest_route=%2Fwp%2Fv2%2Fcategories&post=132887"},{"taxonomy":"post_tag","embeddable":true,"href":"https:\/\/diarioregionaldigital.com.br\/index.php?rest_route=%2Fwp%2Fv2%2Ftags&post=132887"}],"curies":[{"name":"wp","href":"https:\/\/api.w.org\/{rel}","templated":true}]}}