{"id":132885,"date":"2019-02-02T17:18:05","date_gmt":"2019-02-02T19:18:05","guid":{"rendered":"https:\/\/diarioregionaldigital.com.br\/?p=132885"},"modified":"2019-02-02T17:18:05","modified_gmt":"2019-02-02T19:18:05","slug":"tres-senadores-retiram-candidatura-eleicao-tem-seis-concorrentes","status":"publish","type":"post","link":"https:\/\/diarioregionaldigital.com.br\/?p=132885","title":{"rendered":"Tr\u00eas senadores retiram candidatura; elei\u00e7\u00e3o tem seis concorrentes"},"content":{"rendered":"<p>A senadora Simone Tebet (MDB-MS) anunciou a retirada de sua candidatura avulsa \u00e0 Presid\u00eancia da Casa e declarou voto em Davi Alcolumbre (DEM-AP).\u00a0Pouco antes,\u00a0Alvaro Dias (Pode-PR) e\u00a0Major Ol\u00edmpio (PSL-SP) tamb\u00e9m tinha retirado seu nome da disputa ao principal cargo da Casa.<\/p>\n<p>Com isso, seis senadores permanecem almejando \u00e0 Presid\u00eancia do Senado: \u00c2ngelo Coronel (PSD-BA), Davi Alcolumbre (DEM-AP), Espiridi\u00e3o Amin (PP-SC), Fernando Collor (Pros-AL), Renan Calheiros (MDB-AL), Reguffe (sem partido-DF).<\/p>\n<p>&#8220;Para mim, o mais importante \u00e9 recuperarmos a credibilidade desta Casa perante a sociedade brasileira, que clama por renova\u00e7\u00e3o e altern\u00e2ncia de poder. Quero dizer que n\u00e3o tenho problema nenhum em declinar da minha candidatura a favor do senador Davi Alcolumbre, como fez o senador \u00c1lvaro Dias, como fez o senador Major Ol\u00edmpio, porque n\u00f3s estamos unidos na nossa diferen\u00e7a. Declino da minha candidatura avulsa j\u00e1 declarando voto para o senador Davi Alcolumbre&#8221;, disse Simone.<\/p>\n<p>O pr\u00f3prio senador Davi Alcolumbre (DEM-AP) havia pedido o \u201cgesto de confian\u00e7a\u201d de Simone a fim de tentar construir uma candidatura com chances de derrotar o tamb\u00e9m candidato \u00e0 presid\u00eancia da Casa, Renan Calheiros (MDB-AL).<\/p>\n<p>\u201cVossa Excel\u00eancia poderia\u00a0estar aqui\u00a0[na Presid\u00eancia da Casa],\u00a0senadora. Seria uma honra, mas n\u00e3o conseguiu\u00a0apoio\u00a0dentro da sua bancada. Por isso, pe\u00e7o uma oportunidade. Pe\u00e7o para voc\u00ea:\u00a0acredite. Fa\u00e7a um gesto. O Brasil te respeita pela coragem\u201d, refor\u00e7ou Alcolumbre.<\/p>\n<p>Alcolumbre prometeu, se eleito, ampliar a transpar\u00eancia dos atos legislativos e de todos os fatos envolvendo o Senado. \u201cO Senado deve se balizar pelos pilares da independ\u00eancia, transpar\u00eancia, austeridade e protagonismo. Os desafios do atual momento brasileiro s\u00e3o imensos. Por um lado, a complexa crise fiscal exige reformas urgentes a fim de corrigirmos as distor\u00e7\u00f5es. Por outro, \u00e9 preciso reverter a profunda crise pol\u00edtica que minou a confian\u00e7a nos pol\u00edticos\u201d, disse Alcolumbre, acrescentando que o povo clama por um novo modelo de fazer pol\u00edtico. \u201cMais igualit\u00e1rio, mais democr\u00e1tico e com ampla participa\u00e7\u00e3o cidad\u00e3o\u201d.<\/p>\n<p>J\u00e1 o senador Espiridi\u00e3o Amin fez quest\u00e3o de manter sua candidatura como um exerc\u00edcio democr\u00e1tico. \u201cO Brasil merece que Reguffe, que Alvaro Dias e outros sejam candidatos. N\u00e3o vamos aceitar o discurso de que, ao disputar, estamos favorecendo a candidatura de Renan Calheiros. Isso \u00e9 reducionismo\u201d, ponderou Amin, afirmando sentir-se qualificado para \u201cparticipar do esfor\u00e7o coletivo de tirar do ch\u00e3o a pol\u00edtica e, especialmente, o Parlamento\u201d.<\/p>\n<h2>Propostas<\/h2>\n<p>O candidato Reguffe (sem partido-DF) apresentou suas propostas para a presid\u00eancia do Senado, como a redu\u00e7\u00e3o do n\u00famero de assessores, o fim do plano de sa\u00fade vital\u00edcia e aposentadoria especial de parlamentares. \u201cTodas essas medidas eu tomei no meu gabinete a partir do primeiro dia de mandato, em car\u00e1ter irrevog\u00e1vel\u201d, disse, lembrando que as medidas geraram uma economia direta de 16,7\u00a0 milh\u00f5es.\u00a0Refuffe disse que o Senado n\u00e3o pode ser um \u201cpuxadinho\u201d do poder executivo, e nem um instrumento de barganha, ou um obst\u00e1culo para o desenvolvimento do pa\u00eds. \u201cTodas as propostas colocadas devem ser votadas aqui, seguindo o rito legal e sem atropelos\u201d. Ele tamb\u00e9m garantiu que ir\u00e1 pautar a vota\u00e7\u00e3o das reformas pol\u00edtica e tribut\u00e1rias.<\/p>\n<p>O senador \u00c2ngelo Coronel (PSD-BA) tamb\u00e9m defendeu a aprova\u00e7\u00e3o de reformas e a igualdade entre senadores para relatoria de mat\u00e9rias importantes. \u201cTemos que acabar com o alto e o baixo clero, todos t\u00eam que ser tratados com igualdade\u201d. Ele tamb\u00e9m prop\u00f4s a institui\u00e7\u00e3o de um col\u00e9gio de l\u00edderes, para evitar a concentra\u00e7\u00e3o de poder, e a vota\u00e7\u00e3o de propostas apresentadas pelos pr\u00f3prios senadores. \u201cPrecisamos produzir para mostrar a sociedade brasileira que o Senado n\u00e3o pode ser uma casa homologadora\u201d<\/p>\n<p>Fernando Collor (Pros-AL) defendeu reformas e criticou a judicializa\u00e7\u00e3o da pol\u00edtica. Para ele, \u00e9 preciso rever o pacto federativo para que estados e munic\u00edpios \u201cdeixem de ser humilhados\u201d. \u201cA sociedade exige uma nova vis\u00e3o da classe pol\u00edtica e o cargo exige um l\u00edder com experi\u00eancia comprovada\u201d, disse.<\/p>\n<h2>Renan Calheiros<\/h2>\n<p>O senador Renan Calheiros fez um discurso longo e iniciou dizendo nunca\u00a0ter\u00a0\u201cenxergado o poder como um fim em si mesmo\u201d. O emedebista afirmou que o baixo \u00edndice de reelei\u00e7\u00e3o ao Senado na campanha de 2018 \u201cdizimou\u201d a casa. \u201cTivemos uma hecatombe\u201d, afirmou. E, segundo ele, \u00e9 necess\u00e1rio algu\u00e9m para reergu\u00ea-la. Renan prometeu criar uma Secretaria Especial de Assuntos Constitucionais, de car\u00e1ter\u00a0consultivo, para impedir a tramita\u00e7\u00e3o de projetos que sejam considerados contr\u00e1rios \u00e0 Constitui\u00e7\u00e3o.<\/p>\n<p>Renan tornou p\u00fablica a\u00a0conversa que teve com o presidente Jair Bolsonaro, ainda hospitalizado em S\u00e3o Paulo. \u201cEle me ligou, ainda abatido pela recupera\u00e7\u00e3o, e disse \u2018quero agradecer pela postagem que voc\u00ea fez desejando uma r\u00e1pida recupera\u00e7\u00e3o. Eu ainda estou no hospital e estarei na\u00a0quarta-feira em Bras\u00edlia para a gente conversar\u2019\u2019\u2019. Em seguida, o senador afirmou que a liga\u00e7\u00e3o foi vazada para a imprensa para, segundo ele, \u201cesvaziar o simbolismo daquele telefonema e para que o presidente ligasse tamb\u00e9m para os outros postulantes\u201d.<\/p>\n<p>Renan defendeu a reforma da Previd\u00eancia, principal pauta do governo federal neste primeiro semestre. \u201c\u00c9 evidente que chegou a hora de reformar a nossa Previd\u00eancia. Uma reforma que tenha como princ\u00edpio o combate ao privil\u00e9gio que faz esse pa\u00eds andar para tr\u00e1s\u201d.<\/p>\n<p>&nbsp;<\/p>\n<p>Fonte: Ag\u00eancia Brasil<\/p>\n","protected":false},"excerpt":{"rendered":"<p>A senadora Simone Tebet (MDB-MS) anunciou a retirada de sua candidatura avulsa \u00e0 Presid\u00eancia da Casa e declarou voto em Davi Alcolumbre (DEM-AP).\u00a0Pouco antes,\u00a0Alvaro Dias (Pode-PR) e\u00a0Major Ol\u00edmpio (PSL-SP) tamb\u00e9m tinha retirado seu nome da disputa ao principal cargo da Casa. Com isso, seis senadores permanecem almejando \u00e0 Presid\u00eancia do Senado: \u00c2ngelo Coronel (PSD-BA), Davi [&hellip;]<\/p>\n","protected":false},"author":96,"featured_media":97343,"comment_status":"closed","ping_status":"closed","sticky":false,"template":"","format":"standard","meta":{"footnotes":""},"categories":[436,254,439],"tags":[],"class_list":["post-132885","post","type-post","status-publish","format-standard","has-post-thumbnail","hentry","category-destaque-da-semana","category-politica","category-ultima-hora"],"_links":{"self":[{"href":"https:\/\/diarioregionaldigital.com.br\/index.php?rest_route=\/wp\/v2\/posts\/132885","targetHints":{"allow":["GET"]}}],"collection":[{"href":"https:\/\/diarioregionaldigital.com.br\/index.php?rest_route=\/wp\/v2\/posts"}],"about":[{"href":"https:\/\/diarioregionaldigital.com.br\/index.php?rest_route=\/wp\/v2\/types\/post"}],"author":[{"embeddable":true,"href":"https:\/\/diarioregionaldigital.com.br\/index.php?rest_route=\/wp\/v2\/users\/96"}],"replies":[{"embeddable":true,"href":"https:\/\/diarioregionaldigital.com.br\/index.php?rest_route=%2Fwp%2Fv2%2Fcomments&post=132885"}],"version-history":[{"count":0,"href":"https:\/\/diarioregionaldigital.com.br\/index.php?rest_route=\/wp\/v2\/posts\/132885\/revisions"}],"wp:featuredmedia":[{"embeddable":true,"href":"https:\/\/diarioregionaldigital.com.br\/index.php?rest_route=\/wp\/v2\/media\/97343"}],"wp:attachment":[{"href":"https:\/\/diarioregionaldigital.com.br\/index.php?rest_route=%2Fwp%2Fv2%2Fmedia&parent=132885"}],"wp:term":[{"taxonomy":"category","embeddable":true,"href":"https:\/\/diarioregionaldigital.com.br\/index.php?rest_route=%2Fwp%2Fv2%2Fcategories&post=132885"},{"taxonomy":"post_tag","embeddable":true,"href":"https:\/\/diarioregionaldigital.com.br\/index.php?rest_route=%2Fwp%2Fv2%2Ftags&post=132885"}],"curies":[{"name":"wp","href":"https:\/\/api.w.org\/{rel}","templated":true}]}}