{"id":132882,"date":"2019-02-02T07:20:14","date_gmt":"2019-02-02T09:20:14","guid":{"rendered":"https:\/\/diarioregionaldigital.com.br\/?p=132882"},"modified":"2019-02-02T16:57:04","modified_gmt":"2019-02-02T18:57:04","slug":"numero-de-mortos-em-brumadinho-sobe-para-121","status":"publish","type":"post","link":"https:\/\/diarioregionaldigital.com.br\/?p=132882","title":{"rendered":"N\u00famero de mortos em Brumadinho sobe para 121"},"content":{"rendered":"<p>O Corpo de Bombeiros Militar de Minas Gerais atualizou os n\u00fameros dos trabalhos de resgate de v\u00edtimas em Brumadinho (MG). O n\u00famero de mortes confirmadas subiu de 115 para 121, com 93 corpos identificados. Al\u00e9m disso, s\u00e3o 226 desaparecidos e 395 pessoas localizadas.<\/p>\n<p>Os bombeiros trabalham na regi\u00e3o com 294 militares, 15 aeronaves, 22 c\u00e3es farejadores e seis drones.<\/p>\n<p>Segundo j\u00e1 adiantou o Corpo de Bombeiros Militar do estado,\u00a0n\u00e3o h\u00e1 como prever uma data\u00a0de encerramento das buscas por v\u00edtimas. \u201cA perspectiva \u00e9 que, ao longo do tempo, com a lama se estabilizando, a gente v\u00e1 mudando as t\u00e9cnicas operacionais e, a partir da\u00ed, a gente tenha um panorama.\u00a0Hoje, \u00e9 imposs\u00edvel cravar uma data final das opera\u00e7\u00f5es. Infelizmente, n\u00e3o\u201d, afirmou\u00a0na sexta-feira, 1\u00ba, em coletiva de imprensa o chefe da equipe, coronel Erlon Dias do Nascimento Botelho.<\/p>\n<p>Diversas dilig\u00eancias t\u00eam sido estabelecidas pelas autoridades governamentais e pela mineradora, ap\u00f3s o incidente, que provocou, inclusive, o adiamento do in\u00edcio do per\u00edodo letivo das escolas do munic\u00edpio, que abrangem cerca de 6 mil alunos.<\/p>\n<p>A Procuradora-Geral da Rep\u00fablica, Raquel Dodge, indicou os membros de uma\u00a0for\u00e7a-tarefa\u00a0para investigar as responsabilidades do rompimento da Barragem 1 da Mina do C\u00f3rrego do Feij\u00e3o, da mineradora Vale.<\/p>\n<p>Fonte: Ag\u00eancia Brasil<\/p>\n","protected":false},"excerpt":{"rendered":"<p>O Corpo de Bombeiros Militar de Minas Gerais atualizou os n\u00fameros dos trabalhos de resgate de v\u00edtimas em Brumadinho (MG). O n\u00famero de mortes confirmadas subiu de 115 para 121, com 93 corpos identificados. Al\u00e9m disso, s\u00e3o 226 desaparecidos e 395 pessoas localizadas. Os bombeiros trabalham na regi\u00e3o com 294 militares, 15 aeronaves, 22 c\u00e3es [&hellip;]<\/p>\n","protected":false},"author":96,"featured_media":132883,"comment_status":"closed","ping_status":"closed","sticky":false,"template":"","format":"standard","meta":{"footnotes":""},"categories":[436,440,252,439],"tags":[],"class_list":["post-132882","post","type-post","status-publish","format-standard","has-post-thumbnail","hentry","category-destaque-da-semana","category-destaques-do-dia","category-regiao","category-ultima-hora"],"_links":{"self":[{"href":"https:\/\/diarioregionaldigital.com.br\/index.php?rest_route=\/wp\/v2\/posts\/132882","targetHints":{"allow":["GET"]}}],"collection":[{"href":"https:\/\/diarioregionaldigital.com.br\/index.php?rest_route=\/wp\/v2\/posts"}],"about":[{"href":"https:\/\/diarioregionaldigital.com.br\/index.php?rest_route=\/wp\/v2\/types\/post"}],"author":[{"embeddable":true,"href":"https:\/\/diarioregionaldigital.com.br\/index.php?rest_route=\/wp\/v2\/users\/96"}],"replies":[{"embeddable":true,"href":"https:\/\/diarioregionaldigital.com.br\/index.php?rest_route=%2Fwp%2Fv2%2Fcomments&post=132882"}],"version-history":[{"count":0,"href":"https:\/\/diarioregionaldigital.com.br\/index.php?rest_route=\/wp\/v2\/posts\/132882\/revisions"}],"wp:featuredmedia":[{"embeddable":true,"href":"https:\/\/diarioregionaldigital.com.br\/index.php?rest_route=\/wp\/v2\/media\/132883"}],"wp:attachment":[{"href":"https:\/\/diarioregionaldigital.com.br\/index.php?rest_route=%2Fwp%2Fv2%2Fmedia&parent=132882"}],"wp:term":[{"taxonomy":"category","embeddable":true,"href":"https:\/\/diarioregionaldigital.com.br\/index.php?rest_route=%2Fwp%2Fv2%2Fcategories&post=132882"},{"taxonomy":"post_tag","embeddable":true,"href":"https:\/\/diarioregionaldigital.com.br\/index.php?rest_route=%2Fwp%2Fv2%2Ftags&post=132882"}],"curies":[{"name":"wp","href":"https:\/\/api.w.org\/{rel}","templated":true}]}}