{"id":132870,"date":"2019-02-02T15:11:43","date_gmt":"2019-02-02T17:11:43","guid":{"rendered":"https:\/\/diarioregionaldigital.com.br\/?p=132870"},"modified":"2019-02-02T15:11:43","modified_gmt":"2019-02-02T17:11:43","slug":"alzheimer-acomete-115-da-populacao-idosa-do-pais","status":"publish","type":"post","link":"https:\/\/diarioregionaldigital.com.br\/?p=132870","title":{"rendered":"Alzheimer acomete 11,5% da popula\u00e7\u00e3o idosa do Pa\u00eds"},"content":{"rendered":"<p>Lavrador em uma\u00a0ch\u00e1cara no interior de Felixl\u00e2ndia (MG),\u00a0Geraldo Ant\u00f4nio Valadares, 61 anos, esqueceu como regar o jardim do local. H\u00e1 um ano, o comportamento\u00a0chamou a aten\u00e7\u00e3o da fam\u00edlia, que decidiu lev\u00e1-lo ao geriatra.\u00a0Ap\u00f3s uma s\u00e9rie de exames e avalia\u00e7\u00f5es, veio o diagn\u00f3stico: Geraldo fora acometido pelo mal de Alzheimer.<\/p>\n<p>Ao lado da mulher, Marina Valadares, com quem est\u00e1 casado h\u00e1 mais de 30 anos, o lavrador cuidava da planta\u00e7\u00e3o. Hoje, a situa\u00e7\u00e3o \u00e9 diferente.\u00a0&#8220;N\u00e3o sabe mais tomar banho sozinho e muitas outras coisas da rotina di\u00e1ria ele esqueceu&#8221;, disse a esposa Marina.<\/p>\n<p>Uma das varia\u00e7\u00f5es da dem\u00eancia, a doen\u00e7a \u00e9 comum em pacientes nessa faixa et\u00e1ria. Segundo o Minist\u00e9rio da Sa\u00fade, a preval\u00eancia com pessoas com 65 anos ou mais \u00e9 de 11,5%. A Associa\u00e7\u00e3o Brasileira de Alzheimer aponta que 1,2 milh\u00e3o de brasileiros convivem com esse tipo de dem\u00eancia.<\/p>\n<h3>Atendimento<\/h3>\n<p>Ao procurar o Sistema \u00danico de Sa\u00fade (SUS), os familiares e pacientes t\u00eam acesso ao tratamento integral e gratuito, o que inclui diagn\u00f3stico, medica\u00e7\u00f5es e monitoramento da doen\u00e7a. Para tanto, s\u00e3o realizados exames de imagem do c\u00e9rebro, como tomografias e resson\u00e2ncias, mas a avalia\u00e7\u00e3o cl\u00ednica \u00e9 ainda mais preponderante na defini\u00e7\u00e3o do quadro.<\/p>\n<p>Apesar de n\u00e3o ter cura, existe tratamento para aliviar os sintomas do\u00a0Alzheimer. Os medicamentos e os servi\u00e7os multidisciplinares para melhorar a qualidade de vida dos pacientes est\u00e3o dispon\u00edveis na rede p\u00fablica de sa\u00fade do Brasil.<\/p>\n<p>Essa iniciativa inclui fonoaudi\u00f3logo, fisioterapeuta, terapeuta ocupacional e suporte psicol\u00f3gico e familiar. Hoje, 139 Centros Especializados em Reabilita\u00e7\u00e3o pelo Pa\u00eds fornecem esse atendimento global aos pacientes. Al\u00e9m disso, o SUS tamb\u00e9m distribui a Memantina, usado no tratamento de pessoas com Alzheimer.<\/p>\n<h3>Mudan\u00e7as<\/h3>\n<p>A doen\u00e7a se manifesta a partir da atrofia do c\u00e9rebro, que perde neur\u00f4nios e sinapses. Al\u00e9m disso, o ac\u00famulo da prote\u00edna beta-amiloide na massa encef\u00e1lica tamb\u00e9m contribui para as altera\u00e7\u00f5es.<\/p>\n<p>Esse quadro leva a mudan\u00e7as de comportamento e falhas cognitivas de mem\u00f3ria, orienta\u00e7\u00e3o, aten\u00e7\u00e3o e linguagem. &#8220;A nossa vida mudou completamente. Ele demora muito para responder. E a maioria das perguntas que fa\u00e7o para ele, o Geraldo n\u00e3o sabe ou esqueceu&#8221;, lamentou Marina.<\/p>\n<p>Presidente da Sociedade Brasileira de Geriatria e Gerontologia, o geriatra do\u00a0Hospital Universit\u00e1rio de Bras\u00edlia (HUB)\u00a0Marco Polo Dias Freitas explica que a fam\u00edlia deve estar atenta a esses sinais. E ressalta: perda de mem\u00f3ria n\u00e3o significa necessariamente uma doen\u00e7a. &#8220;Para falar do ponto de vista de dem\u00eancia, \u00e9 quando a pessoa come\u00e7a a perder habilidades adquiridas e deixa de fazer coisas que aprendeu ao longo da vida, muitas vezes s\u00e3o habilidades mais complexas. A\u00ed come\u00e7a a ser preocupante.&#8221;<\/p>\n<h3>Depend\u00eancia<\/h3>\n<p>Foi assim tamb\u00e9m com o metal\u00fargico aposentado, Geraldo Marcari (66). Al\u00e9m de trabalhar na usina em S\u00e3o Jos\u00e9 do Rio Preto (SP), era treinador do time de futebol da cidade. Quando ele deixou os treinos, a filha, Juliana Marcari, percebeu que algo estava errado. Ela \u00e9 a respons\u00e1vel pelos cuidados com o pai h\u00e1 sete anos.\u00a0&#8220;Ele hoje \u00e9 100% dependente, n\u00e3o sabe jogar bola, n\u00e3o sabe fazer mais nada que fazia antigamente, n\u00e3o se lembra nem dos amigos da firma e nem do nome da firma.&#8221;<\/p>\n<h2>Est\u00e1gios<\/h2>\n<p>Doen\u00e7a degenerativa e progressiva, a dem\u00eancia leva os pacientes a tr\u00eas fases:<\/p>\n<p><strong>Leve<\/strong>: \u00e9 comum que os pacientes tenham perda de mem\u00f3ria recente e fiquem desorientados em rela\u00e7\u00e3o ao tempo e espa\u00e7o, al\u00e9m de poderem apresentar sinais de agressividade e queda de motiva\u00e7\u00e3o.<\/p>\n<p><strong>Moderada<\/strong>: com a progress\u00e3o da doen\u00e7a, o esquecimento se torna mais profundo, e o paciente tem mais dificuldades de lembrar acontecimentos e nomes de conhecidos. Ele passa a depender de ajuda de cuidadores para realizar a higiene pessoal e apresenta dificuldades na fala.<\/p>\n<p><strong>Grave<\/strong>: no per\u00edodo mais avan\u00e7ado, o resgate de mem\u00f3rias mais enraizadas tamb\u00e9m representa um grande esfor\u00e7o para o paciente, como lembrar-se de amigos e parentes. Nessa fase, a capacidade motora tamb\u00e9m fica mais comprometida.<\/p>\n<p>A perspectiva de vida para os diagn\u00f3sticos de Alzheimer \u00e9 de 10 a 15 anos. Como os medicamentos s\u00e3o pouco eficazes para retardar a doen\u00e7a, Marco Polo frisa que a terapia multidisciplinar \u00e9 uma alternativa que melhora a qualidade de vida.<\/p>\n<p><span class=\"discreet\">Fonte: Governo do Brasil.<\/span><\/p>\n","protected":false},"excerpt":{"rendered":"<p>Lavrador em uma\u00a0ch\u00e1cara no interior de Felixl\u00e2ndia (MG),\u00a0Geraldo Ant\u00f4nio Valadares, 61 anos, esqueceu como regar o jardim do local. H\u00e1 um ano, o comportamento\u00a0chamou a aten\u00e7\u00e3o da fam\u00edlia, que decidiu lev\u00e1-lo ao geriatra.\u00a0Ap\u00f3s uma s\u00e9rie de exames e avalia\u00e7\u00f5es, veio o diagn\u00f3stico: Geraldo fora acometido pelo mal de Alzheimer. Ao lado da mulher, Marina Valadares, [&hellip;]<\/p>\n","protected":false},"author":96,"featured_media":132873,"comment_status":"closed","ping_status":"closed","sticky":false,"template":"","format":"standard","meta":{"footnotes":""},"categories":[302,436,439],"tags":[],"class_list":["post-132870","post","type-post","status-publish","format-standard","has-post-thumbnail","hentry","category-brasil-mundo","category-destaque-da-semana","category-ultima-hora"],"_links":{"self":[{"href":"https:\/\/diarioregionaldigital.com.br\/index.php?rest_route=\/wp\/v2\/posts\/132870","targetHints":{"allow":["GET"]}}],"collection":[{"href":"https:\/\/diarioregionaldigital.com.br\/index.php?rest_route=\/wp\/v2\/posts"}],"about":[{"href":"https:\/\/diarioregionaldigital.com.br\/index.php?rest_route=\/wp\/v2\/types\/post"}],"author":[{"embeddable":true,"href":"https:\/\/diarioregionaldigital.com.br\/index.php?rest_route=\/wp\/v2\/users\/96"}],"replies":[{"embeddable":true,"href":"https:\/\/diarioregionaldigital.com.br\/index.php?rest_route=%2Fwp%2Fv2%2Fcomments&post=132870"}],"version-history":[{"count":0,"href":"https:\/\/diarioregionaldigital.com.br\/index.php?rest_route=\/wp\/v2\/posts\/132870\/revisions"}],"wp:featuredmedia":[{"embeddable":true,"href":"https:\/\/diarioregionaldigital.com.br\/index.php?rest_route=\/wp\/v2\/media\/132873"}],"wp:attachment":[{"href":"https:\/\/diarioregionaldigital.com.br\/index.php?rest_route=%2Fwp%2Fv2%2Fmedia&parent=132870"}],"wp:term":[{"taxonomy":"category","embeddable":true,"href":"https:\/\/diarioregionaldigital.com.br\/index.php?rest_route=%2Fwp%2Fv2%2Fcategories&post=132870"},{"taxonomy":"post_tag","embeddable":true,"href":"https:\/\/diarioregionaldigital.com.br\/index.php?rest_route=%2Fwp%2Fv2%2Ftags&post=132870"}],"curies":[{"name":"wp","href":"https:\/\/api.w.org\/{rel}","templated":true}]}}