{"id":132867,"date":"2019-02-02T14:59:15","date_gmt":"2019-02-02T16:59:15","guid":{"rendered":"https:\/\/diarioregionaldigital.com.br\/?p=132867"},"modified":"2019-02-02T14:59:15","modified_gmt":"2019-02-02T16:59:15","slug":"vale-instala-primeira-barreira-no-rio-paraopeba","status":"publish","type":"post","link":"https:\/\/diarioregionaldigital.com.br\/?p=132867","title":{"rendered":"Vale instala primeira barreira no rio Paraopeba"},"content":{"rendered":"<p>A mineradora Vale, respons\u00e1vel pela barragem que se rompeu no dia\u00a0<span id=\"OBJ_PREFIX_DWT2652_com_zimbra_date\" role=\"link\">25 de janeiro<\/span>\u00a0em Brumadinho (MG), deixando pelo menos 115 mortos, instalou\u00a0<span id=\"OBJ_PREFIX_DWT2649_com_zimbra_date\" role=\"link\"><span id=\"OBJ_PREFIX_DWT2653_com_zimbra_date\" role=\"link\">hoje,\u00a0<\/span><\/span>2, a primeira membrana no Rio Paraopeba. Segundo informa\u00e7\u00f5es divulgadas pela empresa, a barreira foi colocada pr\u00f3ximo \u00e0 capta\u00e7\u00e3o de \u00e1gua da cidade de Par\u00e1 de Minas, a cerca de 40 quil\u00f4metros de Brumadinho.<\/p>\n<p>De acordo com a Vale, o sistema de capta\u00e7\u00e3o de Par\u00e1 de Minas ser\u00e1 protegido por tr\u00eas barreiras de reten\u00e7\u00e3o. As outras duas devem ser instaladas at\u00e9 amanh\u00e3. \u201cA empresa ressalta que esta \u00e9 uma medida preventiva, de modo a garantir que o abastecimento de \u00e1gua do munic\u00edpio seja cont\u00ednuo\u201d, diz o informe.<\/p>\n<p>A instala\u00e7\u00e3o est\u00e1 prevista no plano de conten\u00e7\u00e3o e recupera\u00e7\u00e3o apresentado no dia 30 ao Minist\u00e9rio P\u00fablico e aos \u00f3rg\u00e3os ambientais. As medidas visam mitigar os efeitos do desastre ambiental em tr\u00eas trechos, sendo o de Par\u00e1 de Minas na terceira parte, que fica entre Juatuba e a Usina de Retiro Baixo. Segundo os estudos, o local tem \u201cpotencial de receber os sedimentos ultrafinos\u201d.<\/p>\n<p>A barreira de conten\u00e7\u00e3o tem 30 metros de comprimento, com profundidade de dois a tr\u00eas metros. A estrutura de tecido filtrante evita a dispers\u00e3o das part\u00edculas s\u00f3lidas, como argila, silte e mat\u00e9ria org\u00e2nica, que provocam a turbidez da \u00e1gua.<\/p>\n<p>As cortinas cont\u00eam correntes met\u00e1licas na parte submersa, que permitem que o tecido permane\u00e7a na posi\u00e7\u00e3o vertical mesmo com o fluxo do rio. Uma boia cil\u00edndrica fica na superf\u00edcie, o que contribui para a conten\u00e7\u00e3o de elementos suspensos na \u00e1gua.<\/p>\n<p>Fonte: Ag\u00eancia Brasil<\/p>\n","protected":false},"excerpt":{"rendered":"<p>A mineradora Vale, respons\u00e1vel pela barragem que se rompeu no dia\u00a025 de janeiro\u00a0em Brumadinho (MG), deixando pelo menos 115 mortos, instalou\u00a0hoje,\u00a02, a primeira membrana no Rio Paraopeba. Segundo informa\u00e7\u00f5es divulgadas pela empresa, a barreira foi colocada pr\u00f3ximo \u00e0 capta\u00e7\u00e3o de \u00e1gua da cidade de Par\u00e1 de Minas, a cerca de 40 quil\u00f4metros de Brumadinho. De [&hellip;]<\/p>\n","protected":false},"author":96,"featured_media":132871,"comment_status":"closed","ping_status":"closed","sticky":false,"template":"","format":"standard","meta":{"footnotes":""},"categories":[436,252,439],"tags":[],"class_list":["post-132867","post","type-post","status-publish","format-standard","has-post-thumbnail","hentry","category-destaque-da-semana","category-regiao","category-ultima-hora"],"_links":{"self":[{"href":"https:\/\/diarioregionaldigital.com.br\/index.php?rest_route=\/wp\/v2\/posts\/132867","targetHints":{"allow":["GET"]}}],"collection":[{"href":"https:\/\/diarioregionaldigital.com.br\/index.php?rest_route=\/wp\/v2\/posts"}],"about":[{"href":"https:\/\/diarioregionaldigital.com.br\/index.php?rest_route=\/wp\/v2\/types\/post"}],"author":[{"embeddable":true,"href":"https:\/\/diarioregionaldigital.com.br\/index.php?rest_route=\/wp\/v2\/users\/96"}],"replies":[{"embeddable":true,"href":"https:\/\/diarioregionaldigital.com.br\/index.php?rest_route=%2Fwp%2Fv2%2Fcomments&post=132867"}],"version-history":[{"count":0,"href":"https:\/\/diarioregionaldigital.com.br\/index.php?rest_route=\/wp\/v2\/posts\/132867\/revisions"}],"wp:featuredmedia":[{"embeddable":true,"href":"https:\/\/diarioregionaldigital.com.br\/index.php?rest_route=\/wp\/v2\/media\/132871"}],"wp:attachment":[{"href":"https:\/\/diarioregionaldigital.com.br\/index.php?rest_route=%2Fwp%2Fv2%2Fmedia&parent=132867"}],"wp:term":[{"taxonomy":"category","embeddable":true,"href":"https:\/\/diarioregionaldigital.com.br\/index.php?rest_route=%2Fwp%2Fv2%2Fcategories&post=132867"},{"taxonomy":"post_tag","embeddable":true,"href":"https:\/\/diarioregionaldigital.com.br\/index.php?rest_route=%2Fwp%2Fv2%2Ftags&post=132867"}],"curies":[{"name":"wp","href":"https:\/\/api.w.org\/{rel}","templated":true}]}}