{"id":132864,"date":"2019-02-02T14:35:46","date_gmt":"2019-02-02T16:35:46","guid":{"rendered":"https:\/\/diarioregionaldigital.com.br\/?p=132864"},"modified":"2019-02-02T14:35:46","modified_gmt":"2019-02-02T16:35:46","slug":"votacao-para-presidencia-do-senado-sera-em-cedulas-sao-8-candidatos","status":"publish","type":"post","link":"https:\/\/diarioregionaldigital.com.br\/?p=132864","title":{"rendered":"Vota\u00e7\u00e3o para Presid\u00eancia do Senado ser\u00e1 em c\u00e9dulas; s\u00e3o 8 candidatos"},"content":{"rendered":"<p>Ap\u00f3s os senadores da Rep\u00fablica chegarem a um acordo, a vota\u00e7\u00e3o para a Mesa Diretora do Senado ser\u00e1 feita com o uso de c\u00e9dulas, o que permitir\u00e1 aos parlamentares que quiserem declarar abertamente seus votos.<\/p>\n<p>Oito candidatos j\u00e1 est\u00e3o inscritos para disputar o principal cargo, o de presidente da Casa:\u00a0\u00c2ngelo Coronel (PSD-BA), Davi Alcolumbre (DEM-AP), Espiridi\u00e3o Amin (PP-SC), Fernando Collor (Pros-AL), Major Ol\u00edmpio (PSL-SP), Renan Calheiros (MDB-AL), Reguffe (sem partido-DF) e Simone Tebet (MDB-MS), que declarou hoje sua candidatura avulsa.<\/p>\n<p>Alvaro Dias (Pode-PR) renunciou \u00e0 candidatura, segundo ele, em respeito ao Brasil. \u201cN\u00e3o quero ser acusado depois de ter sido respons\u00e1vel pela elei\u00e7\u00e3o de Renan Calheiros. Quero ser porta-voz da mudan\u00e7a, e n\u00e3o coadjuvante da continuidade\u201d, disse.<\/p>\n<p>Al\u00e9m de escolher quem presidir\u00e1 a Casa pelos pr\u00f3ximos dois anos, os senadores eleger\u00e3o tamb\u00e9m a\u00a0dois vice-presidentes\u00a0e quatro secret\u00e1rios. Entre as compet\u00eancias do presidente da Casa est\u00e1 a defini\u00e7\u00e3o quanto ao que \u00e9 votado em Plen\u00e1rio, e quando. Al\u00e9m disso, o presidente do Senado tamb\u00e9m decide a vota\u00e7\u00e3o conjunta do Congresso (Senado e C\u00e2mara dos Deputados).<\/p>\n<p>A sess\u00e3o de vota\u00e7\u00e3o foi retomada perto das 12h de\u00a0hoje, 2, ap\u00f3s\u00a0ter\u00a0sido suspensa na noite de\u00a0sexta-feira, 1\u00ba, em meio \u00e0 disputa em torno do voto aberto ou fechado. Ap\u00f3s o voto aberto\u00a0ter\u00a0sido aprovado em vota\u00e7\u00e3o em Plen\u00e1rio, por 50 votos a 2 \u2013 com uma absten\u00e7\u00e3o e 28 senadores deixando de votar \u2013 parte\u00a0dos senadores\u00a0do MDB e\u00a0do Solidariedade\u00a0favor\u00e1veis ao voto fechado recorreram ao\u00a0Supremo Tribunal Federal (STF),\u00a0pedindo a anula\u00e7\u00e3o do resultado da vota\u00e7\u00e3o.<\/p>\n<p>O pedido\u00a0foi julgado pelo presidente do STF, ministro Dias Toffoli, que decretou que a\u00a0escolha seja\u00a0secreta. Em sua decis\u00e3o, Toffoli afirmou que\u00a0tal pr\u00e1ticapode ser observada em distintos parlamentos do mundo.<\/p>\n<p>Fonte: Ag\u00eancia Brasil<\/p>\n","protected":false},"excerpt":{"rendered":"<p>Ap\u00f3s os senadores da Rep\u00fablica chegarem a um acordo, a vota\u00e7\u00e3o para a Mesa Diretora do Senado ser\u00e1 feita com o uso de c\u00e9dulas, o que permitir\u00e1 aos parlamentares que quiserem declarar abertamente seus votos. Oito candidatos j\u00e1 est\u00e3o inscritos para disputar o principal cargo, o de presidente da Casa:\u00a0\u00c2ngelo Coronel (PSD-BA), Davi Alcolumbre (DEM-AP), [&hellip;]<\/p>\n","protected":false},"author":96,"featured_media":132868,"comment_status":"closed","ping_status":"closed","sticky":false,"template":"","format":"standard","meta":{"footnotes":""},"categories":[436,254,439],"tags":[],"class_list":["post-132864","post","type-post","status-publish","format-standard","has-post-thumbnail","hentry","category-destaque-da-semana","category-politica","category-ultima-hora"],"_links":{"self":[{"href":"https:\/\/diarioregionaldigital.com.br\/index.php?rest_route=\/wp\/v2\/posts\/132864","targetHints":{"allow":["GET"]}}],"collection":[{"href":"https:\/\/diarioregionaldigital.com.br\/index.php?rest_route=\/wp\/v2\/posts"}],"about":[{"href":"https:\/\/diarioregionaldigital.com.br\/index.php?rest_route=\/wp\/v2\/types\/post"}],"author":[{"embeddable":true,"href":"https:\/\/diarioregionaldigital.com.br\/index.php?rest_route=\/wp\/v2\/users\/96"}],"replies":[{"embeddable":true,"href":"https:\/\/diarioregionaldigital.com.br\/index.php?rest_route=%2Fwp%2Fv2%2Fcomments&post=132864"}],"version-history":[{"count":0,"href":"https:\/\/diarioregionaldigital.com.br\/index.php?rest_route=\/wp\/v2\/posts\/132864\/revisions"}],"wp:featuredmedia":[{"embeddable":true,"href":"https:\/\/diarioregionaldigital.com.br\/index.php?rest_route=\/wp\/v2\/media\/132868"}],"wp:attachment":[{"href":"https:\/\/diarioregionaldigital.com.br\/index.php?rest_route=%2Fwp%2Fv2%2Fmedia&parent=132864"}],"wp:term":[{"taxonomy":"category","embeddable":true,"href":"https:\/\/diarioregionaldigital.com.br\/index.php?rest_route=%2Fwp%2Fv2%2Fcategories&post=132864"},{"taxonomy":"post_tag","embeddable":true,"href":"https:\/\/diarioregionaldigital.com.br\/index.php?rest_route=%2Fwp%2Fv2%2Ftags&post=132864"}],"curies":[{"name":"wp","href":"https:\/\/api.w.org\/{rel}","templated":true}]}}