{"id":132861,"date":"2019-02-02T14:22:52","date_gmt":"2019-02-02T16:22:52","guid":{"rendered":"https:\/\/diarioregionaldigital.com.br\/?p=132861"},"modified":"2019-02-02T14:22:52","modified_gmt":"2019-02-02T16:22:52","slug":"bolsonaro-deve-se-reunir-com-ministros-em-sao-paulo-na-proxima-semana","status":"publish","type":"post","link":"https:\/\/diarioregionaldigital.com.br\/?p=132861","title":{"rendered":"Bolsonaro deve se reunir com ministros em S\u00e3o Paulo na pr\u00f3xima semana"},"content":{"rendered":"<p>O presidente Jair Bolsonaro deve receber alguns\u00a0ministros no hospital em que est\u00e1 internado em S\u00e3o Paulo a partir da pr\u00f3xima semana, se houver libera\u00e7\u00e3o m\u00e9dica, informou hoje, 2, a assessoria de imprensa da Presid\u00eancia da Rep\u00fablica.<\/p>\n<p>O ministro de Seguran\u00e7a Institucional, general Augusto Heleno, e o vice-presidente Hamilton Mour\u00e3o devem ir ao Hospital Albert Einstein, na capital paulista, onde Bolsonaro fez uma cirurgia para reconstru\u00e7\u00e3o do tr\u00e2nsito intestinal.<\/p>\n<p>O fim de semana, entretanto, foi reservado para descanso e Bolsonaro n\u00e3o vai despachar. A assessoria da Presid\u00eancia informou que os m\u00e9dicos advertiram Bolsonaro por ter se\u00a0esfor\u00e7ado na fala durante a videoconfer\u00eancia\u00a0de sexta-feira, 1\u00ba, com o general Augusto Heleno.<\/p>\n<p>A orienta\u00e7\u00e3o m\u00e9dica \u00e9 que Bolsonaro evite falar para prevenir a entrada de gases para a cavidade abdominal.<\/p>\n<h2>Futebol<\/h2>\n<p>A equipe m\u00e9dica tamb\u00e9m pediu para que o presidente, que \u00e9 palmeirense, evite emo\u00e7\u00f5es e n\u00e3o assista ao jogo de hoje entre\u00a0Palmeiras e\u00a0Corinthians, pelo Campeonato Paulista.<\/p>\n<p>Na sexta-feira, 1\u00ba, ele assistiu a grande parte da sess\u00e3o de elei\u00e7\u00e3o da presid\u00eancia do Senado que\u00a0acabou sendo suspensa\u00a0durante a noite e ser\u00e1 retomada na manh\u00e3 de hoje.<\/p>\n<p>Por rede social, Bolsonaro enviou\u00a0mensagem parabenizando a reelei\u00e7\u00e3o de Rodrigo Maia\u00a0para a presid\u00eancia da C\u00e2mara dos Deputados, mas n\u00e3o ligou para o parlamentar.<\/p>\n<h2>Bons \u00edndices cl\u00ednicos<\/h2>\n<p>Na manh\u00e3 de hoje, 2, o presidente passou por avalia\u00e7\u00e3o m\u00e9dica, que verificou bons \u00edndices cl\u00ednicos. Bolsonaro tem feito fisioterapia respirat\u00f3ria e motora, al\u00e9m de caminhadas. A alimenta\u00e7\u00e3o continua intravenosa. Um boletim m\u00e9dico est\u00e1 previsto para as 17h.<\/p>\n<p>Segundo a assessoria da Presid\u00eancia, a mensagem que ser\u00e1 lida ao Congresso Federal na sess\u00e3o de abertura oficial na pr\u00f3xima segunda-feira (4) est\u00e1 finalizada\u00a0e tratar\u00e1 de assuntos como reforma da Previd\u00eancia e seguran\u00e7a das barragens.<\/p>\n<p>Fonte: Ag\u00eancia Brasil<\/p>\n","protected":false},"excerpt":{"rendered":"<p>O presidente Jair Bolsonaro deve receber alguns\u00a0ministros no hospital em que est\u00e1 internado em S\u00e3o Paulo a partir da pr\u00f3xima semana, se houver libera\u00e7\u00e3o m\u00e9dica, informou hoje, 2, a assessoria de imprensa da Presid\u00eancia da Rep\u00fablica. O ministro de Seguran\u00e7a Institucional, general Augusto Heleno, e o vice-presidente Hamilton Mour\u00e3o devem ir ao Hospital Albert Einstein, [&hellip;]<\/p>\n","protected":false},"author":96,"featured_media":132862,"comment_status":"closed","ping_status":"closed","sticky":false,"template":"","format":"standard","meta":{"footnotes":""},"categories":[436,254,439],"tags":[],"class_list":["post-132861","post","type-post","status-publish","format-standard","has-post-thumbnail","hentry","category-destaque-da-semana","category-politica","category-ultima-hora"],"_links":{"self":[{"href":"https:\/\/diarioregionaldigital.com.br\/index.php?rest_route=\/wp\/v2\/posts\/132861","targetHints":{"allow":["GET"]}}],"collection":[{"href":"https:\/\/diarioregionaldigital.com.br\/index.php?rest_route=\/wp\/v2\/posts"}],"about":[{"href":"https:\/\/diarioregionaldigital.com.br\/index.php?rest_route=\/wp\/v2\/types\/post"}],"author":[{"embeddable":true,"href":"https:\/\/diarioregionaldigital.com.br\/index.php?rest_route=\/wp\/v2\/users\/96"}],"replies":[{"embeddable":true,"href":"https:\/\/diarioregionaldigital.com.br\/index.php?rest_route=%2Fwp%2Fv2%2Fcomments&post=132861"}],"version-history":[{"count":0,"href":"https:\/\/diarioregionaldigital.com.br\/index.php?rest_route=\/wp\/v2\/posts\/132861\/revisions"}],"wp:featuredmedia":[{"embeddable":true,"href":"https:\/\/diarioregionaldigital.com.br\/index.php?rest_route=\/wp\/v2\/media\/132862"}],"wp:attachment":[{"href":"https:\/\/diarioregionaldigital.com.br\/index.php?rest_route=%2Fwp%2Fv2%2Fmedia&parent=132861"}],"wp:term":[{"taxonomy":"category","embeddable":true,"href":"https:\/\/diarioregionaldigital.com.br\/index.php?rest_route=%2Fwp%2Fv2%2Fcategories&post=132861"},{"taxonomy":"post_tag","embeddable":true,"href":"https:\/\/diarioregionaldigital.com.br\/index.php?rest_route=%2Fwp%2Fv2%2Ftags&post=132861"}],"curies":[{"name":"wp","href":"https:\/\/api.w.org\/{rel}","templated":true}]}}