{"id":132860,"date":"2019-02-02T14:30:51","date_gmt":"2019-02-02T16:30:51","guid":{"rendered":"https:\/\/diarioregionaldigital.com.br\/?p=132860"},"modified":"2019-02-02T14:30:51","modified_gmt":"2019-02-02T16:30:51","slug":"raquel-dodge-cria-forca-tarefa-para-investigar-rompimento-de-barragem","status":"publish","type":"post","link":"https:\/\/diarioregionaldigital.com.br\/?p=132860","title":{"rendered":"Raquel Dodge cria for\u00e7a-tarefa para investigar rompimento de barragem"},"content":{"rendered":"<p>A procuradora-geral da Rep\u00fablica, Raquel Dodge, designou nove integrantes do Minist\u00e9rio P\u00fablico Federal (MPF) para atuar em Brumadinho. O grupo formar\u00e1 uma for\u00e7a-tarefa para investigar as causas e responsabilidades do rompimento da Barragem 1 da Mina do C\u00f3rrego do Feij\u00e3o, da mineradora Vale, no munic\u00edpio mineiro. O colapso ocorreu no dia\u00a025 de janeiro. At\u00e9 o momento, s\u00e3o\u00a0115 mortes confirmadas e 248 desaparecidos.<\/p>\n<div class=\"dnd-widget-wrapper context-medio_4colunas type-image atom-align-left\">\n<div class=\"dnd-atom-rendered\">\n<p>A for\u00e7a-tarefa atuar\u00e1 por seis meses e as investiga\u00e7\u00f5es ser\u00e3o conduzidas tanto na esfera c\u00edvel quanto na criminal.<\/p>\n<p>Os membros designados s\u00e3o: Helder Magno da Silva, Edmundo Ant\u00f4nio Dias Netto J\u00fanior, Fl\u00e1via Cristina Tavares Torres, Leonardo Andrade Macedo, Paulo Henrique Camargos Trazzi, Mal\u00ea de Arag\u00e3o Fraz\u00e3o, Jorge Munh\u00f3s de Souza e Edilson Vitorelli Diniz Lima. O\u00a0coordenador do grupo ser\u00e1 o procurador da Rep\u00fablica Jos\u00e9 Ad\u00e9rcio Leite Sampaio, que j\u00e1 atua em uma for\u00e7a-tarefa que investiga o rompimento da barragem em Mariana, ocorrido em 2015.<\/p>\n<p>Raquel Dodge j\u00e1 havia designado\u00a0peritos\u00a0para acompanhar os desdobramentos\u00a0dos fatos na regi\u00e3o. O chefe da Assessoria Nacional de Per\u00edcia em Meio Ambiente do Minist\u00e9rio P\u00fablico Federal (MPF), Murilo Lustosa, foi o nome indicado pela procuradora-geral da Rep\u00fablica.<\/p>\n<h2>Deputados tamb\u00e9m investigam<\/h2>\n<p>A C\u00e2mara dos Deputados\u00a0criou uma comiss\u00e3o externa de parlamentares, em janeiro,\u00a0para acompanhar as investiga\u00e7\u00f5es e os desdobramentos do rompimento da barragem. O grupo composto por 15 integrantes ser\u00e1 coordenado pelo deputado Z\u00e9 Silva (SD-MG).<\/p>\n<p>A cria\u00e7\u00e3o do grupo foi publicada esta semana no Di\u00e1rio da C\u00e2mara. As atividades n\u00e3o\u00a0ter\u00e3o \u00f4nus para a Casa. Existe ainda a possibilidade da cria\u00e7\u00e3o de uma Comiss\u00e3o Parlamentar Mista de Inqu\u00e9rito (CPMI), formada tanto por deputados quanto por senadores, para apurar as responsabilidades sobre o rompimento da barragem.<\/p>\n<\/div>\n<\/div>\n<p>Fonte: Ag\u00eancia Brasil<\/p>\n","protected":false},"excerpt":{"rendered":"<p>A procuradora-geral da Rep\u00fablica, Raquel Dodge, designou nove integrantes do Minist\u00e9rio P\u00fablico Federal (MPF) para atuar em Brumadinho. O grupo formar\u00e1 uma for\u00e7a-tarefa para investigar as causas e responsabilidades do rompimento da Barragem 1 da Mina do C\u00f3rrego do Feij\u00e3o, da mineradora Vale, no munic\u00edpio mineiro. O colapso ocorreu no dia\u00a025 de janeiro. At\u00e9 o [&hellip;]<\/p>\n","protected":false},"author":96,"featured_media":132865,"comment_status":"closed","ping_status":"closed","sticky":false,"template":"","format":"standard","meta":{"footnotes":""},"categories":[436,254,439],"tags":[],"class_list":["post-132860","post","type-post","status-publish","format-standard","has-post-thumbnail","hentry","category-destaque-da-semana","category-politica","category-ultima-hora"],"_links":{"self":[{"href":"https:\/\/diarioregionaldigital.com.br\/index.php?rest_route=\/wp\/v2\/posts\/132860","targetHints":{"allow":["GET"]}}],"collection":[{"href":"https:\/\/diarioregionaldigital.com.br\/index.php?rest_route=\/wp\/v2\/posts"}],"about":[{"href":"https:\/\/diarioregionaldigital.com.br\/index.php?rest_route=\/wp\/v2\/types\/post"}],"author":[{"embeddable":true,"href":"https:\/\/diarioregionaldigital.com.br\/index.php?rest_route=\/wp\/v2\/users\/96"}],"replies":[{"embeddable":true,"href":"https:\/\/diarioregionaldigital.com.br\/index.php?rest_route=%2Fwp%2Fv2%2Fcomments&post=132860"}],"version-history":[{"count":0,"href":"https:\/\/diarioregionaldigital.com.br\/index.php?rest_route=\/wp\/v2\/posts\/132860\/revisions"}],"wp:featuredmedia":[{"embeddable":true,"href":"https:\/\/diarioregionaldigital.com.br\/index.php?rest_route=\/wp\/v2\/media\/132865"}],"wp:attachment":[{"href":"https:\/\/diarioregionaldigital.com.br\/index.php?rest_route=%2Fwp%2Fv2%2Fmedia&parent=132860"}],"wp:term":[{"taxonomy":"category","embeddable":true,"href":"https:\/\/diarioregionaldigital.com.br\/index.php?rest_route=%2Fwp%2Fv2%2Fcategories&post=132860"},{"taxonomy":"post_tag","embeddable":true,"href":"https:\/\/diarioregionaldigital.com.br\/index.php?rest_route=%2Fwp%2Fv2%2Ftags&post=132860"}],"curies":[{"name":"wp","href":"https:\/\/api.w.org\/{rel}","templated":true}]}}